{"id":10355,"date":"2012-12-03T22:38:20","date_gmt":"2012-12-03T20:38:20","guid":{"rendered":"http:\/\/www.bhkrf.se\/?p=10355"},"modified":"2026-05-20T09:24:56","modified_gmt":"2026-05-20T08:24:56","slug":"ko-gradi-zemlju-put-ka-multikulturalnoj-svedskoj","status":"publish","type":"post","link":"https:\/\/www.bhkrf.se\/bs\/2012\/12\/03\/ko-gradi-zemlju-put-ka-multikulturalnoj-svedskoj\/","title":{"rendered":"Ko gradi zemlju? \u2013 put ka multikulturalnoj \u0160vedskoj"},"content":{"rendered":"<p>Izvor :: <a href=\"http:\/\/apunetwork.net\/\" title=\"APU Mre\u017ea\" target=\"_blank\">APU Mre\u017ea<\/a> :: <a href=\"http:\/\/apunetwork.net\/vilka-bygger-landet\/\" title=\"Vilka bygger landet? \u2013 v\u00e4gen mot det m\u00e5ngkulturella Sverige\" target=\"_blank\">Vilka bygger landet? \u2013 v\u00e4gen mot det m\u00e5ngkulturella Sverige<\/a><\/p>\n<p>Bosna i Hercegovina dugo je smatrana sinonimom raznolikosti i multikulturalnosti. Zbog svog unikatnog spoja orijentalne i zapadne kulture bila je ta zemlja simbol funkcionalnog multikulturalnog dru\u0161tvu. Simbol koji se tragi\u010dnim ratom izokrenuo u svoju suprotnost.<\/p>\n<div id=\"attachment_10350\" style=\"width: 524px\" class=\"wp-caption alignnone\"><a href=\"http:\/\/www.bhkrf.se\/wp-content\/uploads\/2012\/12\/sarajevo.jpg\" class=\"floatbox\" rev=\"group:10355 caption:`Sarajevo, evropski Jerusalem!`\"><img loading=\"lazy\" decoding=\"async\" aria-describedby=\"caption-attachment-10350\" src=\"http:\/\/www.bhkrf.se\/wp-content\/uploads\/2012\/12\/sarajevo-514.jpg\" alt=\"Sarajevo, evropski Jerusalem!\" title=\"Sarajevo, evropski Jerusalem!\" width=\"514\" height=\"373\" class=\"size-full wp-image-10350\" \/><\/a><p id=\"caption-attachment-10350\" class=\"wp-caption-text\">Sarajevo, evropski Jerusalem!<\/p><\/div>\n<p>Etni\u010dke skupine s iskustvom multikulturalizma mogu pomo\u0107i u prevladavanju izazova s kojima se suo\u010davaju heterogena dru\u0161tva. Tokom dvije protekle decenije od rata etablirala se bosanska manjina u \u0160vedskoj kao useljeni\u010dka skupina s najvi\u0161om stopom zaposlenosti u zemlji. <!--more--><\/p>\n<div class=\"izbtekst\">\nMi smo uspje\u0161ni i svojim iskustvom \u017eelimo pridonijeti prevladavanju segregacije i ja\u010danju zemlje.\n<\/div>\n<p>U tom cilju <a href=\"http:\/\/apunetwork.net\/\" title=\"APU Mre\u017ea\" target=\"_blank\">APU Mre\u017ea<\/a> organizuje 6. decembra 2012. u Stockholmu (<a href=\"http:\/\/www.sodrateatern.com\/\" title=\"S\u00f6dra Teatern\" target=\"_blank\">S\u00f6dra Teatern<\/a>) program na temu \u201dKo gradi zemlju? \u2013 put ka multikulturalnoj \u0160vedskoj\u201d.<\/p>\n<p>Program po\u010dinje u 17.30 (sala Sjuan) seminarom na kom stru\u010dnjaci u oblasti integracije i multikulturalnosti osvjetljavaju tu materiju iz bosansko-\u0161vedske perspektive.<\/p>\n<p>Nakon seminara, u 19.30  prire\u0111uje se (u istoj prostoriji) Ve\u010de zahvalnosti na kojoj <a href=\"http:\/\/apunetwork.net\/\" title=\"APU Mre\u017ea\" target=\"_blank\">APU Mre\u017ea<\/a> \u017eeli ista\u0107i i zahvaliti se pojedincima i organizacijama koje su nesebi\u010dno u\u010destvovale u procesu demokratizacije i rekonstrukcije Bosne i Hercegovine.<\/p>\n<p>Dobrodo\u0161li!<br \/>\n<a href=\"http:\/\/apunetwork.net\/\" title=\"APU Mre\u017ea\" target=\"_blank\">APU Mre\u017ea<\/a> i <a href=\"http:\/\/www.bihambasada.se\/\" title=\"Ambasada Bosne i Hercegovine u \u0160vedskoj\" target=\"_blank\">Ambasada Bosne i Hercegovine u \u0160vedskoj<\/a><\/p>\n<div class=\"sidan-uppd\">Stranica obnovljena: 2026-05-20<\/div>\n","protected":false},"excerpt":{"rendered":"<p>Izvor :: APU Mre\u017ea :: Vilka bygger landet? \u2013 v\u00e4gen mot det m\u00e5ngkulturella Sverige Bosna i Hercegovina dugo je smatrana sinonimom raznolikosti i multikulturalnosti. Zbog svog unikatnog spoja orijentalne i zapadne kulture bila je ta zemlja simbol funkcionalnog multikulturalnog dru\u0161tvu. Simbol koji se tragi\u010dnim ratom izokrenuo u svoju suprotnost. Etni\u010dke skupine s iskustvom multikulturalizma mogu [&hellip;]<\/p>\n","protected":false},"author":11,"featured_media":10350,"comment_status":"closed","ping_status":"closed","sticky":false,"template":"","format":"standard","meta":{"ngg_post_thumbnail":0,"_monsterinsights_skip_tracking":false,"footnotes":""},"categories":[28,105,3],"tags":[420,122,47,215,147,188],"class_list":["post-10355","post","type-post","status-publish","format-standard","has-post-thumbnail","hentry","category-demokratija","category-konferencije-sjednice","category-opste","tag-bosna-i-hercegovina","tag-foto-bs","tag-konferencije","tag-medunarodna-saradnja","tag-multikulturalnost","tag-trziste-rada"],"_links":{"self":[{"href":"https:\/\/www.bhkrf.se\/bs\/wp-json\/wp\/v2\/posts\/10355","targetHints":{"allow":["GET"]}}],"collection":[{"href":"https:\/\/www.bhkrf.se\/bs\/wp-json\/wp\/v2\/posts"}],"about":[{"href":"https:\/\/www.bhkrf.se\/bs\/wp-json\/wp\/v2\/types\/post"}],"author":[{"embeddable":true,"href":"https:\/\/www.bhkrf.se\/bs\/wp-json\/wp\/v2\/users\/11"}],"replies":[{"embeddable":true,"href":"https:\/\/www.bhkrf.se\/bs\/wp-json\/wp\/v2\/comments?post=10355"}],"version-history":[{"count":6,"href":"https:\/\/www.bhkrf.se\/bs\/wp-json\/wp\/v2\/posts\/10355\/revisions"}],"predecessor-version":[{"id":63806,"href":"https:\/\/www.bhkrf.se\/bs\/wp-json\/wp\/v2\/posts\/10355\/revisions\/63806"}],"wp:featuredmedia":[{"embeddable":true,"href":"https:\/\/www.bhkrf.se\/bs\/wp-json\/wp\/v2\/media\/10350"}],"wp:attachment":[{"href":"https:\/\/www.bhkrf.se\/bs\/wp-json\/wp\/v2\/media?parent=10355"}],"wp:term":[{"taxonomy":"category","embeddable":true,"href":"https:\/\/www.bhkrf.se\/bs\/wp-json\/wp\/v2\/categories?post=10355"},{"taxonomy":"post_tag","embeddable":true,"href":"https:\/\/www.bhkrf.se\/bs\/wp-json\/wp\/v2\/tags?post=10355"}],"curies":[{"name":"wp","href":"https:\/\/api.w.org\/{rel}","templated":true}]}}