{"id":10414,"date":"2013-01-08T10:28:34","date_gmt":"2013-01-08T08:28:34","guid":{"rendered":"http:\/\/www.bhkrf.se\/?p=10414"},"modified":"2017-06-02T12:54:09","modified_gmt":"2017-06-02T11:54:09","slug":"sjednica-glavnog-odbora-8","status":"publish","type":"post","link":"https:\/\/www.bhkrf.se\/bs\/2013\/01\/08\/sjednica-glavnog-odbora-8\/","title":{"rendered":"Sjednica Glavnog odbora"},"content":{"rendered":"<p>Sjednica Glavnog odbora BH Saveza \u017eena u \u0160vedskoj<\/p>\n<div id=\"attachment_10407\" style=\"width: 524px\" class=\"wp-caption alignnone\"><img loading=\"lazy\" decoding=\"async\" aria-describedby=\"caption-attachment-10407\" src=\"http:\/\/www.bhkrf.se\/wp-content\/uploads\/2013\/01\/konferensrum.jpg\" alt=\"Sala za sastanke\" title=\"Sala za sastanke\" width=\"514\" height=\"320\" class=\"size-full wp-image-10407\" \/><p id=\"caption-attachment-10407\" class=\"wp-caption-text\">Sala za sastanke<\/p><\/div>\n<p>Mjesto: bh. udru\u017eenje \u201dBehar\u201d, Henriksbergsgatan 15, Sk\u00f6vde <!--more--><\/p>\n<p>Vrijeme<\/p>\n<div class=\"divlista\">\n<ul class=\"lista\">\n<li>subota 19. januara 2013. u 12.00<\/li>\n<li>nedjelja 20. januara 2013. u 10.00<\/li>\n<\/ul>\n<\/div>\n<div class=\"naslov\">Slike sa sjednice<\/div>\n<div class=\"ngg-albumtop\">\n<div class=\"ngg-albumtitle\"><a href=\"https:\/\/www.bhkrf.se\/fotogalleri\/skovde-2013-01-1920\/\" >Sk\u00f6vde, 2013-01-19\/20<\/a><\/div>\n<div class=\"ngg-albumcontent\">\n<div class=\"ngg-thumbnail\">\n<a href=\"https:\/\/www.bhkrf.se\/fotogalleri\/skovde-2013-01-1920\/\" ><img decoding=\"async\" class=\"Thumb\" alt=\"Sk\u00f6vde, 2013-01-19\/20\" src=\"http:\/\/www.bhkrf.se\/wp-content\/blogs.dir\/1\/files\/130119-skovde\/thumbs\/thumbs_skovde-20130119-001.jpg\"\/><\/a>\n<\/div>\n<div class=\"ngg-description\">\n<p><a href=\"https:\/\/www.bhkrf.se\/2013\/01\/08\/kvinnoriksforbundets-styrelsemote-7\/\"  title=\"Kvinnoriksf\u00f6rbundets styrelsem\u00f6te\">Kvinnoriksf\u00f6rbundets styrelsem\u00f6te<\/a> \/\/ <a href=\"https:\/\/www.bhkrf.se\/bs\/2013\/01\/08\/sjednica-glavnog-odbora-8\/\"  title=\"Sjednica Glavnog odbora\">Sjednica Glavnog odbora<\/a> \/\/ Foto: Haris Tucakovi\u0107 <\/p>\n<p><strong>58<\/strong> slika\/e<\/p>\n<\/div>\n<\/div>\n<\/div>\n<div class=\"alt-lang\">Stranica obnovljena: 2013-12-05<\/div>\n","protected":false},"excerpt":{"rendered":"<p>Sjednica Glavnog odbora BH Saveza \u017eena u \u0160vedskoj Mjesto: bh. udru\u017eenje \u201dBehar\u201d, Henriksbergsgatan 15, Sk\u00f6vde<\/p>\n","protected":false},"author":11,"featured_media":10407,"comment_status":"closed","ping_status":"closed","sticky":false,"template":"","format":"standard","meta":{"ngg_post_thumbnail":0,"_monsterinsights_skip_tracking":false,"footnotes":""},"categories":[28,105,3,115,30],"tags":[260,42],"class_list":["post-10414","post","type-post","status-publish","format-standard","has-post-thumbnail","hentry","category-demokratija","category-konferencije-sjednice","category-opste","category-projekti","category-rodna-ravnopravnost","tag-rodna-ravnopravnost-bs","tag-susreti"],"_links":{"self":[{"href":"https:\/\/www.bhkrf.se\/bs\/wp-json\/wp\/v2\/posts\/10414","targetHints":{"allow":["GET"]}}],"collection":[{"href":"https:\/\/www.bhkrf.se\/bs\/wp-json\/wp\/v2\/posts"}],"about":[{"href":"https:\/\/www.bhkrf.se\/bs\/wp-json\/wp\/v2\/types\/post"}],"author":[{"embeddable":true,"href":"https:\/\/www.bhkrf.se\/bs\/wp-json\/wp\/v2\/users\/11"}],"replies":[{"embeddable":true,"href":"https:\/\/www.bhkrf.se\/bs\/wp-json\/wp\/v2\/comments?post=10414"}],"version-history":[{"count":4,"href":"https:\/\/www.bhkrf.se\/bs\/wp-json\/wp\/v2\/posts\/10414\/revisions"}],"predecessor-version":[{"id":41871,"href":"https:\/\/www.bhkrf.se\/bs\/wp-json\/wp\/v2\/posts\/10414\/revisions\/41871"}],"wp:featuredmedia":[{"embeddable":true,"href":"https:\/\/www.bhkrf.se\/bs\/wp-json\/wp\/v2\/media\/10407"}],"wp:attachment":[{"href":"https:\/\/www.bhkrf.se\/bs\/wp-json\/wp\/v2\/media?parent=10414"}],"wp:term":[{"taxonomy":"category","embeddable":true,"href":"https:\/\/www.bhkrf.se\/bs\/wp-json\/wp\/v2\/categories?post=10414"},{"taxonomy":"post_tag","embeddable":true,"href":"https:\/\/www.bhkrf.se\/bs\/wp-json\/wp\/v2\/tags?post=10414"}],"curies":[{"name":"wp","href":"https:\/\/api.w.org\/{rel}","templated":true}]}}