{"id":10671,"date":"2013-03-19T11:30:17","date_gmt":"2013-03-19T09:30:17","guid":{"rendered":"http:\/\/www.bhkrf.se\/?p=10671"},"modified":"2013-03-19T13:58:55","modified_gmt":"2013-03-19T11:58:55","slug":"vece-zahvalnosti-put-ka-multikulturalnoj-svedskoj","status":"publish","type":"post","link":"https:\/\/www.bhkrf.se\/bs\/2013\/03\/19\/vece-zahvalnosti-put-ka-multikulturalnoj-svedskoj\/","title":{"rendered":"Ve\u010de zahvalnosti \u2013 Put ka multikulturalnoj \u0160vedskoj"},"content":{"rendered":"<p>Bosna i Hercegovina dugo se smatra sinonimom raznolikosti i multikulturalnosti. Tokom protekle dvije decenije od rata etablirali su se Bosanci i Hercegovci u \u0160vedskoj kao useljeni\u010dka skupina s najvi\u0161om stopom zaposlenosti u zemlji.<\/p>\n<div id=\"attachment_10666\" style=\"width: 524px\" class=\"wp-caption alignnone\"><a href=\"http:\/\/www.bhkrf.se\/wp-content\/uploads\/2013\/03\/helsingborg-vece-zahvalnosti.jpg\" class=\"floatbox\" rev=\"group:10671 caption:`Ve\u010de zahvalnosti \u2013 Put ka multikulturalnoj \u0160vedskoj`\"><img loading=\"lazy\" decoding=\"async\" aria-describedby=\"caption-attachment-10666\" src=\"http:\/\/www.bhkrf.se\/wp-content\/uploads\/2013\/03\/helsingborg-vece-zahvalnosti-514.jpg\" alt=\"Ve\u010de zahvalnosti \u2013 Put ka multikulturalnoj \u0160vedskoj\" title=\"Ve\u010de zahvalnosti \u2013 Put ka multikulturalnoj \u0160vedskoj\" width=\"514\" height=\"363\" class=\"size-full wp-image-10666\" \/><\/a><p id=\"caption-attachment-10666\" class=\"wp-caption-text\">Ve\u010de zahvalnosti \u2013 Put ka multikulturalnoj \u0160vedskoj<\/p><\/div>\n<p>Uspje\u0161ni smo i \u017eelimo svojim iskustvom pridonijeti prevladavanju segregacije i ja\u010danju zemlje. Udru\u017eenje \u017eena \u201dBosanskohercegova\u010dke \u017eene 2000\u201d Helsingborg zato prire\u0111uje ve\u010de zahvalnosti s izlo\u017ebom, debatom,  muzikom i dru\u017eenjem.<\/p>\n<p>U\u010destvuju \u017eene iz \u0160vedske, Norve\u0161ke i Danske.<\/p>\n<p>Vrijeme: subota 6. aprila 2013., 15.00\u201322.00<\/p>\n<p>Mjesto: Tr\u00e4ffpunkt Sk\u00f6ldenborg, Hebsackersgatan 6, Helsingborg<\/p>\n<p>Kontakt<\/p>\n<div class=\"divlista\">\n<ul class=\"lista\">\n<li>Selma <a href=\"tel:+4642126928\" title=\"Telefon\">042-12 69 28<\/a>; <a href=\"tel:+46762302449\" title=\"Mobil\">076-230 24 49<\/a><\/li>\n<li>Zumreta <a href=\"tel:+46739483255\" title=\"Mobitel\">073-948 32 55<\/a><\/li>\n<li>Sehada <a href=\"tel:+46702532774\" title=\"Mobitel\">070-253 27 74<\/a><\/li>\n<\/ul>\n<\/div>\n<p>Organizuje se u saradnji s <a href=\"http:\/\/www.nbv.se\/\" title=\"Nykterhetsr\u00f6relsens Bildningsverksamhet NBV\" target=\"_blank\">Trezvenja\u010dkim obrazovnim savezom NBV<\/a> (<a href=\"http:\/\/www.nbv.se\/skane\" title=\"NBV Sk\u00e5ne\" target=\"_blank\">NBV Sk\u00e5ne<\/a>)<\/p>\n","protected":false},"excerpt":{"rendered":"<p>Bosna i Hercegovina dugo se smatra sinonimom raznolikosti i multikulturalnosti. Tokom protekle dvije decenije od rata etablirali su se Bosanci i Hercegovci u \u0160vedskoj kao useljeni\u010dka skupina s najvi\u0161om stopom zaposlenosti u zemlji. Uspje\u0161ni smo i \u017eelimo svojim iskustvom pridonijeti prevladavanju segregacije i ja\u010danju zemlje. Udru\u017eenje \u017eena \u201dBosanskohercegova\u010dke \u017eene 2000\u201d Helsingborg zato prire\u0111uje ve\u010de zahvalnosti [&hellip;]<\/p>\n","protected":false},"author":11,"featured_media":10666,"comment_status":"open","ping_status":"open","sticky":false,"template":"","format":"standard","meta":{"ngg_post_thumbnail":0,"_monsterinsights_skip_tracking":false,"footnotes":""},"categories":[28,105,25,3,194],"tags":[420,40,147,42],"class_list":["post-10671","post","type-post","status-publish","format-standard","has-post-thumbnail","hentry","category-demokratija","category-konferencije-sjednice","category-kultura-2","category-opste","category-trezvenjacki-pokret","tag-bosna-i-hercegovina","tag-kultura","tag-multikulturalnost","tag-susreti"],"_links":{"self":[{"href":"https:\/\/www.bhkrf.se\/bs\/wp-json\/wp\/v2\/posts\/10671","targetHints":{"allow":["GET"]}}],"collection":[{"href":"https:\/\/www.bhkrf.se\/bs\/wp-json\/wp\/v2\/posts"}],"about":[{"href":"https:\/\/www.bhkrf.se\/bs\/wp-json\/wp\/v2\/types\/post"}],"author":[{"embeddable":true,"href":"https:\/\/www.bhkrf.se\/bs\/wp-json\/wp\/v2\/users\/11"}],"replies":[{"embeddable":true,"href":"https:\/\/www.bhkrf.se\/bs\/wp-json\/wp\/v2\/comments?post=10671"}],"version-history":[{"count":2,"href":"https:\/\/www.bhkrf.se\/bs\/wp-json\/wp\/v2\/posts\/10671\/revisions"}],"predecessor-version":[{"id":10674,"href":"https:\/\/www.bhkrf.se\/bs\/wp-json\/wp\/v2\/posts\/10671\/revisions\/10674"}],"wp:featuredmedia":[{"embeddable":true,"href":"https:\/\/www.bhkrf.se\/bs\/wp-json\/wp\/v2\/media\/10666"}],"wp:attachment":[{"href":"https:\/\/www.bhkrf.se\/bs\/wp-json\/wp\/v2\/media?parent=10671"}],"wp:term":[{"taxonomy":"category","embeddable":true,"href":"https:\/\/www.bhkrf.se\/bs\/wp-json\/wp\/v2\/categories?post=10671"},{"taxonomy":"post_tag","embeddable":true,"href":"https:\/\/www.bhkrf.se\/bs\/wp-json\/wp\/v2\/tags?post=10671"}],"curies":[{"name":"wp","href":"https:\/\/api.w.org\/{rel}","templated":true}]}}