{"id":10781,"date":"2013-04-15T12:55:58","date_gmt":"2013-04-15T10:55:58","guid":{"rendered":"http:\/\/www.bhkrf.se\/?p=10781"},"modified":"2013-04-25T10:15:12","modified_gmt":"2013-04-25T08:15:12","slug":"divanhana-sevdalinka-u-urbanoj-verziji","status":"publish","type":"post","link":"https:\/\/www.bhkrf.se\/bs\/2013\/04\/15\/divanhana-sevdalinka-u-urbanoj-verziji\/","title":{"rendered":"Divanhana \u2013 Sevdalinka u urbanoj verziji"},"content":{"rendered":"<p>Veliki muzi\u010dki doga\u0111aj\u2026<\/p>\n<div id=\"attachment_10776\" style=\"width: 524px\" class=\"wp-caption alignnone\"><a href=\"http:\/\/www.bhkrf.se\/wp-content\/uploads\/2013\/04\/kalmar-divanhana.jpg\" class=\"floatbox\" rev=\"group:10781 caption:`Divanhana \u2013 Sevdalinka u urbanoj verziji`\"><img loading=\"lazy\" decoding=\"async\" aria-describedby=\"caption-attachment-10776\" src=\"http:\/\/www.bhkrf.se\/wp-content\/uploads\/2013\/04\/kalmar-divanhana-514.jpg\" alt=\"Divanhana \u2013 Sevdalinka u urbanoj verziji\" title=\"Divanhana \u2013 Sevdalinka u urbanoj verziji\" width=\"514\" height=\"991\" class=\"size-full wp-image-10776\" \/><\/a><p id=\"caption-attachment-10776\" class=\"wp-caption-text\">Divanhana \u2013 Sevdalinka u urbanoj verziji<\/p><\/div>\n<p>Divanhana izvodi tradicionalnu muziku u novim aran\u017emanima koji su nastali kao rezultat fuzije jazz, pop i klasi\u010dne muzike 20. stolje\u0107a. Namjera benda je njegovanje i prezentiranje ne samo urbane tradicionalne muzike Bosne i Hercegovine, ve\u0107 i tradicionalne muzike zemalja Balkana, sa posebnim akcentom na sevdalinku. <!--more--><\/p>\n<p>Vrijeme: subota, 4. maja 2013. u. 19.00<\/p>\n<p>Mjesto: <a href=\"http:\/\/www.kalmarsalen.se\/\" title=\"Kalmarsalen, Skeppsbrogatan 49, Kalmar\" target=\"_blank\">Kalmarsalen, Skeppsbrogatan 49, Kalmar<\/a><\/p>\n<p>Ulaznice: <a href=\"http:\/\/www.kalmarbiljettcentrum.se \" title=\"www.kalmarbiljettcentrum.se \" target=\"_blank\">www.kalmarbiljettcentrum.se<\/a> <a href=\"tel:+46480421000\" title=\"Telefon\">0480-42 10 00<\/a> i <a href=\"http:\/\/www.ticnet.se\/\" title=\"www.ticnet.se\" target=\"_blank\">www.ticnet.se<\/a> <a href=\"tel:+46701707070\" title=\"Mobitel\">070-170 70 70<\/a><\/p>\n<p>Dobro do\u0161li!<\/p>\n<p><a href=\"http:\/\/www.riksteatern.se\/\" title=\"Riksteatern\" target=\"_blank\">Riksteatern<\/a> | <a href=\"http:\/\/www.nbv.se\/\" title=\"Nykterhetsr\u00f6relsens Bildningsverksamhet NBV\" target=\"_blank\">Nykterhetsr\u00f6relsens Bildningsverksamhet NBV<\/a> (<a href=\"http:\/\/www.nbv.se\/sydost\" title=\"NBV Sydost\" target=\"_blank\">NBV Sydost<\/a>) | <a href=\"http:\/\/www.soderportsgarden.se\/\" title=\"S\u00f6derport\" target=\"_blank\">S\u00f6derport<\/a> | <a href=\"http:\/\/www.kalmar.se\/\" title=\"Kalmar kommun\" target=\"_blank\">Kalmar kommun<\/a> | <a href=\"http:\/\/www.kalmarsalen.se\/\" title=\"KalmarSalen\" target=\"_blank\">KalmarSalen<\/a><\/p>\n<div class=\"alt-lang\">Povezani linkovi: <a href=\"https:\/\/www.bhkrf.se\/bs\/2013\/03\/01\/ne-propustite-muzicku-grupu-divanhana-iz-sarajeva\/\" title=\"Ne propustite muzi\u010dku grupu Divanhana iz Sarajeva\">Ne propustite muzi\u010dku grupu Divanhana iz Sarajeva<\/a><\/div>\n<div class=\"alt-lang\">Stranica obnovljena: 2013-04-25<\/div>\n","protected":false},"excerpt":{"rendered":"<p>Veliki muzi\u010dki doga\u0111aj\u2026 Divanhana izvodi tradicionalnu muziku u novim aran\u017emanima koji su nastali kao rezultat fuzije jazz, pop i klasi\u010dne muzike 20. stolje\u0107a. Namjera benda je njegovanje i prezentiranje ne samo urbane tradicionalne muzike Bosne i Hercegovine, ve\u0107 i tradicionalne muzike zemalja Balkana, sa posebnim akcentom na sevdalinku.<\/p>\n","protected":false},"author":11,"featured_media":10776,"comment_status":"open","ping_status":"open","sticky":false,"template":"","format":"standard","meta":{"ngg_post_thumbnail":0,"_monsterinsights_skip_tracking":false,"footnotes":""},"categories":[25,3,194],"tags":[40,147,123,127],"class_list":["post-10781","post","type-post","status-publish","format-standard","has-post-thumbnail","hentry","category-kultura-2","category-opste","category-trezvenjacki-pokret","tag-kultura","tag-multikulturalnost","tag-nbv-bs","tag-umjetnost"],"_links":{"self":[{"href":"https:\/\/www.bhkrf.se\/bs\/wp-json\/wp\/v2\/posts\/10781","targetHints":{"allow":["GET"]}}],"collection":[{"href":"https:\/\/www.bhkrf.se\/bs\/wp-json\/wp\/v2\/posts"}],"about":[{"href":"https:\/\/www.bhkrf.se\/bs\/wp-json\/wp\/v2\/types\/post"}],"author":[{"embeddable":true,"href":"https:\/\/www.bhkrf.se\/bs\/wp-json\/wp\/v2\/users\/11"}],"replies":[{"embeddable":true,"href":"https:\/\/www.bhkrf.se\/bs\/wp-json\/wp\/v2\/comments?post=10781"}],"version-history":[{"count":3,"href":"https:\/\/www.bhkrf.se\/bs\/wp-json\/wp\/v2\/posts\/10781\/revisions"}],"predecessor-version":[{"id":10783,"href":"https:\/\/www.bhkrf.se\/bs\/wp-json\/wp\/v2\/posts\/10781\/revisions\/10783"}],"wp:featuredmedia":[{"embeddable":true,"href":"https:\/\/www.bhkrf.se\/bs\/wp-json\/wp\/v2\/media\/10776"}],"wp:attachment":[{"href":"https:\/\/www.bhkrf.se\/bs\/wp-json\/wp\/v2\/media?parent=10781"}],"wp:term":[{"taxonomy":"category","embeddable":true,"href":"https:\/\/www.bhkrf.se\/bs\/wp-json\/wp\/v2\/categories?post=10781"},{"taxonomy":"post_tag","embeddable":true,"href":"https:\/\/www.bhkrf.se\/bs\/wp-json\/wp\/v2\/tags?post=10781"}],"curies":[{"name":"wp","href":"https:\/\/api.w.org\/{rel}","templated":true}]}}