{"id":12795,"date":"2014-02-19T14:39:52","date_gmt":"2014-02-19T12:39:52","guid":{"rendered":"http:\/\/www.bhkrf.se\/?p=12795"},"modified":"2014-02-19T14:39:52","modified_gmt":"2014-02-19T12:39:52","slug":"vrijeme-je-za-plate-cijeli-dan-manifestacija-za-rodnoravnopravne-plate","status":"publish","type":"post","link":"https:\/\/www.bhkrf.se\/bs\/2014\/02\/19\/vrijeme-je-za-plate-cijeli-dan-manifestacija-za-rodnoravnopravne-plate\/","title":{"rendered":"Vrijeme je za plate cijeli dan \u2013 Manifestacija za rodnoravnopravne plate"},"content":{"rendered":"<p>Na Me\u0111unarodni dan \u017eena 8. marta okupljamo se da bi manifestovali Plate cijeli dan. Do\u0111ite i poslu\u0161ajte govore predstavnika <a href=\"https:\/\/www.facebook.com\/Lonheladagen\" title=\"15:53-r\u00f6relsen\" target=\"_blank\">Pokreta 15.53<\/a> i Stefana L\u00f6fvena, predsjednika Socijaldemokratske stranke. Tu je i muzika, kafa i kola\u010di.<\/p>\n<div id=\"attachment_12778\" style=\"width: 524px\" class=\"wp-caption alignnone\"><img loading=\"lazy\" decoding=\"async\" aria-describedby=\"caption-attachment-12778\" src=\"http:\/\/www.bhkrf.se\/wp-content\/uploads\/2014\/02\/1553-pokret.jpg\" alt=\"Vrijeme je za plate cijeli dan \u2013 Manifestacija za rodnoravnopravne plate\" title=\"Vrijeme je za plate cijeli dan \u2013 Manifestacija za rodnoravnopravne plate\" width=\"514\" height=\"362\" class=\"size-full wp-image-12778\" \/><p id=\"caption-attachment-12778\" class=\"wp-caption-text\">Vrijeme je za plate cijeli dan \u2013 Manifestacija za rodnoravnopravne plate<\/p><\/div>\n<p>Vrijeme: subota, 8. marta 2014. od 15.00 do 15.53<\/p>\n<p>Mjesto: Sergels Torg, Stockholm <!--more--><\/p>\n<p>U\u010desnici<\/p>\n<div class=\"divlista\">\n<ul class=\"lista\">\n<li>Zagrijavanje uz samba-grupu Samboba!<\/li>\n<li>Uvod: Gertrud \u00c5str\u00f6m, predsjednica \u0160vedskog \u017eenskog lobija<\/li>\n<li>Govornici: Stefan L\u00f6fven (Socijaldemokrati), Gunilla Hjelm (\u017dene Stranke centra), Bonnie Bernstr\u00f6m (Liberalne \u017eene), Ida Gabrielsson (Komitet \u017eena Stranke ljevice), Hillevi Larsson (S-\u017eene), Anders Ferbe (IF Metall), Per Holmstr\u00f6m (Kommunal), Annika Strandh\u00e4ll (Vision), Sineva Ribeiro (Sindikat zdravstvenih radnika), Heike Erkers (Sindikat visokoobrazovanih), Torbj\u00f6rn Johansson (sekretar LO), Amineh Kakabaveh (Ni kurva ni potla\u010dena), Louise Lindfors (Savez Fredrika Bremer), Ewa Larsson (Zelene \u017eene), Lotta Sonemalm (\u0160vedski savez de\u017eurstava za \u017eene i djevojke), Britt-Marie Torstensson (Winnet)<\/li>\n<li>Muzika: Apolonia kvartett<\/li>\n<\/ul>\n<\/div>\n<p>Program \u0107e zavr\u0161iti u 15.53 kada \u0107emo svi zajedno u\u010destvovati u digitalnoj manifestaciji radi \u0161irenja poruke \u201dNakon 15.53 \u017eene rade besplatno. Svaki dan. Vrijeme je za plate za cijeli dan. Vidimo se u Malm\u00f6u! #NF2014\u201d (Cifre se obra\u010dunavaju za radni dan od 8 do 17 sati).<\/p>\n<p>Pro\u010ditajte vi\u0161e na: <a href=\"https:\/\/www.facebook.com\/Lonheladagen\" title=\"facebook.com\/Lonheladagen\" target=\"_blank\">facebook.com\/Lonheladagen<\/a><\/p>\n<p>Kontakt: <a href=\"http:\/\/sverigeskvinnolobby.se\/\" title=\"Sveriges Kvinnolobby\" target=\"_blank\">\u0160vedski \u017eenski lobi<\/a> | <a href=\"mailto:info@sverigeskvinnolobby.se\" title=\"info@sverigeskvinnolobby.se\" target=\"_blank\">info@sverigeskvinnolobby.se<\/a> | <a href=\"tel:+468335247\" title=\"Telefon\">08-33 52 47<\/a><\/p>\n","protected":false},"excerpt":{"rendered":"<p>Na Me\u0111unarodni dan \u017eena 8. marta okupljamo se da bi manifestovali Plate cijeli dan. Do\u0111ite i poslu\u0161ajte govore predstavnika Pokreta 15.53 i Stefana L\u00f6fvena, predsjednika Socijaldemokratske stranke. Tu je i muzika, kafa i kola\u010di. Vrijeme: subota, 8. marta 2014. od 15.00 do 15.53 Mjesto: Sergels Torg, Stockholm<\/p>\n","protected":false},"author":11,"featured_media":12778,"comment_status":"open","ping_status":"open","sticky":false,"template":"","format":"standard","meta":{"ngg_post_thumbnail":0,"_monsterinsights_skip_tracking":false,"footnotes":""},"categories":[28,105,3,30],"tags":[197,147,144,260,42,241],"class_list":["post-12795","post","type-post","status-publish","format-standard","has-post-thumbnail","hentry","category-demokratija","category-konferencije-sjednice","category-opste","category-rodna-ravnopravnost","tag-jednake-plate-za-jednak-rad","tag-multikulturalnost","tag-praznici","tag-rodna-ravnopravnost-bs","tag-susreti","tag-zenski-lobi"],"_links":{"self":[{"href":"https:\/\/www.bhkrf.se\/bs\/wp-json\/wp\/v2\/posts\/12795","targetHints":{"allow":["GET"]}}],"collection":[{"href":"https:\/\/www.bhkrf.se\/bs\/wp-json\/wp\/v2\/posts"}],"about":[{"href":"https:\/\/www.bhkrf.se\/bs\/wp-json\/wp\/v2\/types\/post"}],"author":[{"embeddable":true,"href":"https:\/\/www.bhkrf.se\/bs\/wp-json\/wp\/v2\/users\/11"}],"replies":[{"embeddable":true,"href":"https:\/\/www.bhkrf.se\/bs\/wp-json\/wp\/v2\/comments?post=12795"}],"version-history":[{"count":2,"href":"https:\/\/www.bhkrf.se\/bs\/wp-json\/wp\/v2\/posts\/12795\/revisions"}],"predecessor-version":[{"id":12797,"href":"https:\/\/www.bhkrf.se\/bs\/wp-json\/wp\/v2\/posts\/12795\/revisions\/12797"}],"wp:featuredmedia":[{"embeddable":true,"href":"https:\/\/www.bhkrf.se\/bs\/wp-json\/wp\/v2\/media\/12778"}],"wp:attachment":[{"href":"https:\/\/www.bhkrf.se\/bs\/wp-json\/wp\/v2\/media?parent=12795"}],"wp:term":[{"taxonomy":"category","embeddable":true,"href":"https:\/\/www.bhkrf.se\/bs\/wp-json\/wp\/v2\/categories?post=12795"},{"taxonomy":"post_tag","embeddable":true,"href":"https:\/\/www.bhkrf.se\/bs\/wp-json\/wp\/v2\/tags?post=12795"}],"curies":[{"name":"wp","href":"https:\/\/api.w.org\/{rel}","templated":true}]}}