{"id":14477,"date":"2014-05-17T15:57:32","date_gmt":"2014-05-17T13:57:32","guid":{"rendered":"http:\/\/www.bhkrf.se\/?p=14477"},"modified":"2023-10-04T16:12:24","modified_gmt":"2023-10-04T15:12:24","slug":"zene-pomazu-poplavom-ugrozene-u-bosni-i-hercegovini","status":"publish","type":"post","link":"https:\/\/www.bhkrf.se\/bs\/2014\/05\/17\/zene-pomazu-poplavom-ugrozene-u-bosni-i-hercegovini\/","title":{"rendered":"\u017dene poma\u017eu poplavom ugro\u017eene u Bosni i Hercegovini"},"content":{"rendered":"<p>Bosna i Hercegovina je izlo\u017eena najte\u017eim poplavama u svojoj historiji.<\/p>\n<p>BH Savez \u017eena u \u0160vedskoj pokre\u0107e akciju prikupljanja nov\u010danih sredstava za poplavom ugro\u017eene u Bosni i Hercegovini. <!--more--><\/p>\n<div class=\"naslov\">Uplate se vr\u0161e na Bankgiro 464-5974 (Swedbank).<\/div>\n<p>Sav prikupljeni novac ide organizacijama u Bosni i Hercegovini koje pru\u017eaju pomo\u0107 onima kojima je potrebna.<\/p>\n<p>Zajedno mo\u017eemo pomo\u0107i ugro\u017eenima u Bosni i Hercegovini \u2013 dajte svoj dar!<\/p>\n<p>Info: Sebiha Crni\u0107 | <a href=\"mailto:sebiha@bhkrf.se\" title=\"E-post\" target=\"_blank\" rel=\"noopener\">E-post<\/a> | <a href=\"tel:+46739408948\" title=\"Mobitel\">073-940 89 48<\/a><\/p>\n<div class=\"naslov\">16 donatora | prikupljeno 13 430 kr<\/div>\n<table border=\"0\" width=\"514\" cellspacing=\"0\" cellpadding=\"0\" id=\"table1\">\n<tr>\n<td width=\"30\">16<\/td>\n<td>Stefan Petrovi\u0107<\/td>\n<td align=\"right\" width=\"100\">2014-06-18<\/td>\n<td align=\"right\" width=\"100\">480 kr<\/td>\n<\/tr>\n<tr>\n<td width=\"30\">15<\/td>\n<td>Udru\u017eenje \u017eena \u017dena 99 V\u00e4rnamo<\/td>\n<td align=\"right\" width=\"100\">2014-06-02<\/td>\n<td align=\"right\" width=\"100\">2 500 kr<\/td>\n<\/tr>\n<tr>\n<td width=\"30\">14<\/td>\n<td>Suada i Emir Haznedarevi\u0107<\/td>\n<td align=\"right\" width=\"100\">2014-05-28<\/td>\n<td align=\"right\" width=\"100\">500 kr<\/td>\n<\/tr>\n<tr>\n<td width=\"30\">13<\/td>\n<td>Alen Ov\u010dina<\/td>\n<td align=\"right\" width=\"100\">2014-05-28<\/td>\n<td align=\"right\" width=\"100\">200 kr<\/td>\n<\/tr>\n<tr>\n<td width=\"30\">12<\/td>\n<td>Dru\u0161tvo \u017eena Sedef Malm\u00f6<\/td>\n<td align=\"right\" width=\"100\">2014-05-27<\/td>\n<td align=\"right\" width=\"100\">1 500 kr<\/td>\n<\/tr>\n<tr>\n<td width=\"30\">11<\/td>\n<td>Halida Islamovi\u0107<\/td>\n<td align=\"right\" width=\"100\">2014-05-23<\/td>\n<td align=\"right\" width=\"100\">250 kr<\/td>\n<\/tr>\n<tr>\n<td width=\"30\">10<\/td>\n<td>Elsa Carina Danling<\/td>\n<td align=\"right\" width=\"100\">2014-05-22<\/td>\n<td align=\"right\" width=\"100\">200 kr<\/td>\n<\/tr>\n<tr>\n<td width=\"30\">9<\/td>\n<td>Enes, Karolina i Nadine Crni\u0107<\/td>\n<td align=\"right\" width=\"100\">2014-05-22<\/td>\n<td align=\"right\" width=\"100\">1 000 kr<\/td>\n<\/tr>\n<tr>\n<td width=\"30\">8<\/td>\n<td>Dino i Amira Crni\u0107<\/td>\n<td align=\"right\" width=\"100\">2014-05-21<\/td>\n<td align=\"right\" width=\"100\">500 kr<\/td>\n<\/tr>\n<tr>\n<td width=\"35\">7<\/td>\n<td><a href=\"https:\/\/www.facebook.com\/zenakristianstad\" title=\"Udru\u017eenje \u017eena Biser Kristianstad\" target=\"_blank\" rel=\"noopener\">Udru\u017eenje \u017eena Biser Kristianstad<\/a><\/td>\n<td align=\"right\" width=\"100\">2014-05-21<\/td>\n<td align=\"right\" width=\"100\">2 500 kr<\/td>\n<\/tr>\n<tr>\n<td width=\"35\">6<\/td>\n<td>Samir D\u017eani\u0107<\/td>\n<td align=\"right\" width=\"100\">2014-05-20<\/td>\n<td align=\"right\" width=\"100\">500 kr<\/td>\n<\/tr>\n<tr>\n<td width=\"35\">5<\/td>\n<td>Sebiha i Asim Crni\u0107<\/td>\n<td align=\"right\" width=\"100\">2014-05-20<\/td>\n<td align=\"right\" width=\"100\">500 kr<\/td>\n<\/tr>\n<tr>\n<td width=\"35\">4<\/td>\n<td>Centar za \u017eene Svjetlost  Sk\u00f6vde<\/td>\n<td align=\"right\" width=\"100\">2014-05-20<\/td>\n<td align=\"right\" width=\"100\">500 kr<\/td>\n<\/tr>\n<tr>\n<td width=\"35\">3<\/td>\n<td>\u010clanovi Glavnog odbora BH saveza \u017eena<\/td>\n<td align=\"right\" width=\"100\">2014-05-19<\/td>\n<td align=\"right\" width=\"100\">1 600 kr<\/td>\n<\/tr>\n<tr>\n<td width=\"35\">2<\/td>\n<td>Haris Tucakovi\u0107 <\/td>\n<td align=\"right\" width=\"100\">2014-05-19<\/td>\n<td align=\"right\" width=\"100\">500 kr<\/td>\n<\/tr>\n<tr>\n<td width=\"35\">1<\/td>\n<td>Shqipe Murina<\/td>\n<td align=\"right\" width=\"100\">2014-05-19<\/td>\n<td align=\"right\" width=\"100\">200 kr<\/td>\n<\/tr>\n<\/table>\n<p>Prikupljena sredstva iskori\u0161tena su za opravku tri poplavom o\u0161te\u0107ene ku\u0107e, po 5 000 kr. Dokumentacija je pohranjena u sekretarijatu BH Saveza \u017eena.<\/p>\n<div class=\"naslov\">Prikupljanja u udru\u017eenjima<\/div>\n<div class=\"divlista\">\n<ul class=\"lista\">\n<li>2014-05-22 | Facebook Event: <a href=\"https:\/\/www.facebook.com\/events\/723061664425010\" title=\"Pomo\u0107 za Bosnu i Hercegovinu\/Hj\u00e4lp Bosnien och Hercegovina!\" target=\"_blank\" rel=\"noopener\">Pomo\u0107 za Bosnu i Hercegovinu\/Hj\u00e4lp Bosnien och Hercegovina!<\/a> (Lejla Sijer\u010di\u0107, Kristianstad)<\/li>\n<li>2014-05-21 | <a href=\"https:\/\/www.facebook.com\/beharskovde\" title=\"Udru\u017eenje \u201dBehar\u201d Sk\u00f6vde \" target=\"_blank\" rel=\"noopener\">Udru\u017eenje \u201dBehar\u201d Sk\u00f6vde<\/a> pokrenulo je prikupljanje za poplavom ugro\u017eene u Bosni i Hercegovi. Prikupljanje traje do 28. maja 2014. Svakim  danom od 11.00 do 20.00 u prostorijama udru\u017eenja, tel. 0500-41 36 20.<\/li>\n<li>2014-05-21 | Bosanskohercegova\u010dko kulturno udru\u017eenje \u201dZajedno\u201d Lidk\u00f6ping prikupilo je preko 60.000 kr.<\/li>\n<li>2014-05-20 | V\u00e4rnamo Nyheter: <a href=\"http:\/\/www.varnamonyheter.se\/artikel\/105480\/varnamo-ar-navet-i-katastrofhjalpen\" title=\"V\u00e4rnamo \u00e4r navet i katastrofhj\u00e4lpen (V\u00e4rnamo je sredi\u0161te prikupljanja pomo\u0107i)\" target=\"_blank\" rel=\"noopener\">V\u00e4rnamo \u00e4r navet i katastrofhj\u00e4lpen (V\u00e4rnamo je sredi\u0161te prikupljanja pomo\u0107i)<\/a> | <a href=\"https:\/\/www.facebook.com\/bihkvinna99\" title=\"\u201d\u017dena 99\u201d V\u00e4rnamo\" target=\"_blank\" rel=\"noopener\">\u201d\u017dena 99\u201d V\u00e4rnamo<\/a><\/li>\n<li>2014-05-20 | Udru\u017eenje \u201dLjiljan\u201d Oskarshamn poslalo je 19. maja 2014. nov\u010danu pomo\u0107 u iznosu od 2.000 kr ugro\u017eenima od poplava u Bosni i Hercegovini. Akcija prikupljanja paketa traje do sredine sedmice i u \u010detvrtak se prikupljena pomo\u0107 iz Oskarshamna vozi do V\u00e4rnama i zajedno sa V\u00e4rnamom vozi za BiH. Odmah poslije nastavlja se sakupljanje, kako nov\u010dane, tako i pomo\u0107i u paketima koja \u0107e se prevoziti sa tri \u201dpozajmljena\u201d kamiona iz Skanije koje su na\u0161i gra\u0111ani nastanjeni u Oskarshamnu, a zaposleni u Skaniji, spjeli dobiti! Svaka im \u010dast! (Amira Zub\u010devi\u0107)<\/li>\n<\/ul>\n<\/div>\n<div class=\"naslov\">Prikupljanje via SMS i kreditne kartice<\/div>\n<div id=\"attachment_14537\" style=\"width: 524px\" class=\"wp-caption alignnone\"><a href=\"http:\/\/foreningsinsamling.se\/fundraisers\/stod-bhkrfs-insamling-for-de-behovande-i-bosnien-o\/\" target=\"_blank\" rel=\"noopener\"><img loading=\"lazy\" decoding=\"async\" aria-describedby=\"caption-attachment-14537\" src=\"http:\/\/www.bhkrf.se\/wp-content\/uploads\/2014\/05\/bidra-300-bhkrf-514.jpg\" alt=\"Podr\u017eite akciju BH Saveza \u017eena za pomo\u0107 poplavom ugro\u017eenih u Bosni i Hercegovini\" title=\"Podr\u017eite akciju BH Saveza \u017eena za pomo\u0107 poplavom ugro\u017eenih u Bosni i Hercegovini\" width=\"514\" height=\"514\" class=\"size-full wp-image-14537\" \/><\/a><p id=\"caption-attachment-14537\" class=\"wp-caption-text\">Podr\u017eite akciju BH Saveza \u017eena za pomo\u0107 poplavom ugro\u017eenih u Bosni i Hercegovini<\/p><\/div>\n<div class=\"sidan-uppd\">Povezani linkovi: <a href=\"https:\/\/www.bhkrf.se\/bs\/2014\/05\/21\/podrzite-akciju-bh-saveza-zena-za-pomoc-poplavom-ugrozenih-u-bosni-i-hercegovini\/\" title=\"Podr\u017eite akciju BH Saveza \u017eena za pomo\u0107 poplavom ugro\u017eenih u Bosni i Hercegovini\" target=\"_blank\" rel=\"noopener\">Podr\u017eite akciju BH Saveza \u017eena za pomo\u0107 poplavom ugro\u017eenih u Bosni i Hercegovini<\/a><\/div>\n<div class=\"sidan-uppd\">Stranica obnovljena: 2014-12-02<\/div>\n","protected":false},"excerpt":{"rendered":"<p>Bosna i Hercegovina je izlo\u017eena najte\u017eim poplavama u svojoj historiji. BH Savez \u017eena u \u0160vedskoj pokre\u0107e akciju prikupljanja nov\u010danih sredstava za poplavom ugro\u017eene u Bosni i Hercegovini.<\/p>\n","protected":false},"author":11,"featured_media":0,"comment_status":"closed","ping_status":"closed","sticky":false,"template":"","format":"standard","meta":{"ngg_post_thumbnail":0,"_monsterinsights_skip_tracking":false,"footnotes":""},"categories":[33,3],"tags":[420],"class_list":["post-14477","post","type-post","status-publish","format-standard","hentry","category-humanitarna-pomoc","category-opste","tag-bosna-i-hercegovina"],"_links":{"self":[{"href":"https:\/\/www.bhkrf.se\/bs\/wp-json\/wp\/v2\/posts\/14477","targetHints":{"allow":["GET"]}}],"collection":[{"href":"https:\/\/www.bhkrf.se\/bs\/wp-json\/wp\/v2\/posts"}],"about":[{"href":"https:\/\/www.bhkrf.se\/bs\/wp-json\/wp\/v2\/types\/post"}],"author":[{"embeddable":true,"href":"https:\/\/www.bhkrf.se\/bs\/wp-json\/wp\/v2\/users\/11"}],"replies":[{"embeddable":true,"href":"https:\/\/www.bhkrf.se\/bs\/wp-json\/wp\/v2\/comments?post=14477"}],"version-history":[{"count":4,"href":"https:\/\/www.bhkrf.se\/bs\/wp-json\/wp\/v2\/posts\/14477\/revisions"}],"predecessor-version":[{"id":60928,"href":"https:\/\/www.bhkrf.se\/bs\/wp-json\/wp\/v2\/posts\/14477\/revisions\/60928"}],"wp:attachment":[{"href":"https:\/\/www.bhkrf.se\/bs\/wp-json\/wp\/v2\/media?parent=14477"}],"wp:term":[{"taxonomy":"category","embeddable":true,"href":"https:\/\/www.bhkrf.se\/bs\/wp-json\/wp\/v2\/categories?post=14477"},{"taxonomy":"post_tag","embeddable":true,"href":"https:\/\/www.bhkrf.se\/bs\/wp-json\/wp\/v2\/tags?post=14477"}],"curies":[{"name":"wp","href":"https:\/\/api.w.org\/{rel}","templated":true}]}}