{"id":15316,"date":"2014-06-04T15:24:33","date_gmt":"2014-06-04T13:24:33","guid":{"rendered":"http:\/\/www.bhkrf.se\/?p=15316"},"modified":"2017-06-02T08:53:05","modified_gmt":"2017-06-02T07:53:05","slug":"bh-savez-zena-u-svedskoj-na-nordijskom-forumu-malmo-2014","status":"publish","type":"post","link":"https:\/\/www.bhkrf.se\/bs\/2014\/06\/04\/bh-savez-zena-u-svedskoj-na-nordijskom-forumu-malmo-2014\/","title":{"rendered":"BH Savez \u017eena u \u0160vedskoj na Nordijskom forumu Malm\u00f6 2014."},"content":{"rendered":"<p>BH Savez \u017eena u \u0160vedskoj uz potporu <a href=\"http:\/\/www.mucf.se\/\" title=\"Myndigheten f\u00f6r ungdoms- och civilsamh\u00e4llesfr\u00e5gor\" target=\"_blank\">Agencije za omladinu i civilno dru\u0161tvo<\/a> i <a href=\"http:\/\/www.nbv.se\/\" title=\"Nykterhetsr\u00f6relsens bildningsverksamhet NBV\" target=\"_blank\">Trezvenja\u010dkog obrazovnog saveza NBV<\/a> u\u010destvuje na <a href=\"http:\/\/nf2014.org\/\" title=\"Nordiskt Forum Malm\u00f6 2014 \u2013 New Action on Women\u2019s Rights\" target=\"_blank\">Nordijskom forumu Malm\u00f6 2014. \u2013 New Action on Women\u2019s Rights<\/a> \u2013 12\u201315 juna 2014.<\/p>\n<div id=\"attachment_15277\" style=\"width: 524px\" class=\"wp-caption alignnone\"><a href=\"http:\/\/issuu.com\/nf2014\/docs\/nf2014_programtidning_inlaga_200dpi?e=11995542%2F7887715\" target=\"_blank\"><img loading=\"lazy\" decoding=\"async\" aria-describedby=\"caption-attachment-15277\" src=\"http:\/\/www.bhkrf.se\/wp-content\/uploads\/2014\/06\/nf2014-programtidning.jpg\" alt=\"Programski list Nordijskog foruma\" title=\"Programski list Nordijskog foruma\" width=\"514\" height=\"728\" class=\"size-full wp-image-15277\" \/><\/a><p id=\"caption-attachment-15277\" class=\"wp-caption-text\">Programski list Nordijskog foruma<\/p><\/div>\n<div class=\"naslov\">\u010cetvrtak, 12. juna, u 20.00, Malm\u00f6 Arena<\/div>\n<p>Tokom sve\u010danog otvaranja prire\u0111uje se povorka kao na ceremoniji otvaranja Olimpijskih igara. Tada se nosi 187 natpisa s imenima organizacija u\u010desnica (izme\u0111u ostalih i BH Savez \u017eena u \u0160vedskoj) s vi\u0161e razli\u010ditih strana na scenu u Arenu. <!--more--><\/p>\n<div class=\"naslov\">Petak, 13. juna, 12.00\u201314.00, Malm\u00f6M\u00e4ssan<\/div>\n<p>BH Savez \u017eena u \u0160vedskoj \u0107e biti na \u0161tandu <a href=\"http:\/\/sverigeskvinnolobby.se\/\" title=\"1233\" target=\"_blank\">\u0160vedskog \u017eenskog lobija<\/a>, D10 na Sajmu (Malm\u00f6M\u00e4ssan).<\/p>\n<div id=\"attachment_15310\" style=\"width: 524px\" class=\"wp-caption alignnone\"><a href=\"http:\/\/www.bhkrf.se\/wp-content\/uploads\/2014\/06\/bhkrf-nf2014-1.png\" class=\"floatbox\" rev=\"group:15316 caption:`Senada Be\u0161i\u0107: S ratom u prtljagu`\"><img loading=\"lazy\" decoding=\"async\" aria-describedby=\"caption-attachment-15310\" src=\"http:\/\/www.bhkrf.se\/wp-content\/uploads\/2014\/06\/bhkrf-nf2014-2.png\" alt=\"Senada Be\u0161i\u0107: S ratom u prtljagu\" title=\"Senada Be\u0161i\u0107: S ratom u prtljagu\" width=\"514\" height=\"212\" class=\"size-full wp-image-15310\" \/><\/a><p id=\"caption-attachment-15310\" class=\"wp-caption-text\">Senada Be\u0161i\u0107: S ratom u prtljagu<\/p><\/div>\n<div class=\"naslov\">Petak, 13. juna, 17.35\u201317.55, Sundstr\u00f6m u Malm\u00f6 Areni<\/div>\n<p>S ratom u prtljagu \u2013 \u017dena i rat? Silovanje kao ratni zlo\u010din! Mo\u017eemo li se i smije li se zaboraviti ono \u0161to se desilo? Kako je nositi rat u prtljagu pri dolasku u drugu zemlju? Predavanje o novim ulogama u novom dru\u0161tvu. Senada Be\u0161i\u0107, predsjednica BH Saveza \u017eena u \u0160vedskoj. Organizator: BH Savez \u017eena u \u0160vedskoj u saradnji sa <a href=\"http:\/\/sverigeskvinnolobby.se\/\" title=\"Sveriges Kvinnolobby\" target=\"_blank\">\u0160vedskim \u017eenskim lobijem<\/a>.<\/p>\n<div class=\"naslov\">Subota, 14. juna, 18.00, Malm\u00f6 Konsthall \u2013 Folkets park<\/div>\n<p>Grad Malm\u00f6 prire\u0111uje veliku paradu tokom Nordijskog foruma i svi su dobrodo\u0161li da u\u010destvuju! Parada polazi od Umjetni\u010dke galerije (Malm\u00f6 Konsthall) u 18.00 i sti\u017ee do Narodnog parka (Folkets park) oko 19.00. Tada po\u010dinje velika zabava s umjetnicima kao \u0161to su Marit Bergman i Say Lou Lou!<\/p>\n<div id=\"attachment_15288\" style=\"width: 524px\" class=\"wp-caption alignnone\"><a href=\"http:\/\/www.bhkrf.se\/wp-content\/uploads\/2014\/06\/nf2014-plan.png\" class=\"floatbox\" rev=\"group:15316 caption:`Malm\u00f6 Arena i Malm\u00f6M\u00e4ssan`\"><img loading=\"lazy\" decoding=\"async\" aria-describedby=\"caption-attachment-15288\" src=\"http:\/\/www.bhkrf.se\/wp-content\/uploads\/2014\/06\/nf2014-plan-514.png\" alt=\"Malm\u00f6 Arena i Malm\u00f6M\u00e4ssan\" title=\"Malm\u00f6 Arena i Malm\u00f6M\u00e4ssan\" width=\"514\" height=\"721\" class=\"size-full wp-image-15288\" \/><\/a><p id=\"caption-attachment-15288\" class=\"wp-caption-text\">Malm\u00f6 Arena i Malm\u00f6M\u00e4ssan<\/p><\/div>\n<div id=\"attachment_15294\" style=\"width: 524px\" class=\"wp-caption alignnone\"><a href=\"http:\/\/www.bhkrf.se\/wp-content\/uploads\/2014\/06\/nf2014-utstallare.png\" class=\"floatbox\" rev=\"group:15316 caption:`Izlaga\u010di na Nordijskom forumu Malm\u00f6 2014`\"><img loading=\"lazy\" decoding=\"async\" aria-describedby=\"caption-attachment-15294\" src=\"http:\/\/www.bhkrf.se\/wp-content\/uploads\/2014\/06\/nf2014-utstallare-514.png\" alt=\"Izlaga\u010di na Nordijskom forumu Malm\u00f6 2014\" title=\"Izlaga\u010di na Nordijskom forumu Malm\u00f6 2014\" width=\"514\" height=\"549\" class=\"size-full wp-image-15294\" \/><\/a><p id=\"caption-attachment-15294\" class=\"wp-caption-text\">Izlaga\u010di na Nordijskom forumu Malm\u00f6 2014<\/p><\/div>\n<p>Vidimo se u Malm\u00f6u!<\/p>\n<div class=\"naslov\">Slike s programa<\/div>\n<div class=\"ngg-albumtop\">\n<div class=\"ngg-albumtitle\"><a href=\"https:\/\/www.bhkrf.se\/fotogalleri\/malmo-2014-06-1215\/\"     >Malm\u00f6, 2014-06-12\/15<\/a><\/div>\n<div class=\"ngg-albumcontent\">\n<div class=\"ngg-thumbnail\">\n<a href=\"https:\/\/www.bhkrf.se\/fotogalleri\/malmo-2014-06-1215\/\"     ><img decoding=\"async\" class=\"Thumb\" alt=\"Malm\u00f6, 2014-06-12\/15\" src=\"http:\/\/www.bhkrf.se\/wp-content\/gallery\/140612-malmo\/dynamic\/bhkrf-nf2014-001.jpg-nggid049554-ngg0dyn-156x103-00f0w010c011r110f110r010t010.jpg\"\/><\/a>\n<\/div>\n<div class=\"ngg-description\">\nNordiskt Forum Malm\u00f6 2014 \/\/ Nordijski forum Malm\u00f6 2014. \/\/ Foto: Haris Tucakovi\u0107 m.fl.<br \/>\n<strong>353<\/strong> slika\/e\n<\/div>\n<\/div>\n<\/div>\n<div class=\"sidan-uppd\">Stranica obnovljena: 2014-08-25<\/div>\n","protected":false},"excerpt":{"rendered":"<p>BH Savez \u017eena u \u0160vedskoj uz potporu Agencije za omladinu i civilno dru\u0161tvo i Trezvenja\u010dkog obrazovnog saveza NBV u\u010destvuje na Nordijskom forumu Malm\u00f6 2014. \u2013 New Action on Women\u2019s Rights \u2013 12\u201315 juna 2014. \u010cetvrtak, 12. juna, u 20.00, Malm\u00f6 Arena Tokom sve\u010danog otvaranja prire\u0111uje se povorka kao na ceremoniji otvaranja Olimpijskih igara. Tada se [&hellip;]<\/p>\n","protected":false},"author":11,"featured_media":15277,"comment_status":"closed","ping_status":"closed","sticky":false,"template":"","format":"standard","meta":{"ngg_post_thumbnail":0,"_monsterinsights_skip_tracking":false,"footnotes":""},"categories":[28,105,3,115,30,194],"tags":[108,47,147,123,260,241],"class_list":["post-15316","post","type-post","status-publish","format-standard","has-post-thumbnail","hentry","category-demokratija","category-konferencije-sjednice","category-opste","category-projekti","category-rodna-ravnopravnost","category-trezvenjacki-pokret","tag-mucf-bs","tag-konferencije","tag-multikulturalnost","tag-nbv-bs","tag-rodna-ravnopravnost-bs","tag-zenski-lobi"],"_links":{"self":[{"href":"https:\/\/www.bhkrf.se\/bs\/wp-json\/wp\/v2\/posts\/15316","targetHints":{"allow":["GET"]}}],"collection":[{"href":"https:\/\/www.bhkrf.se\/bs\/wp-json\/wp\/v2\/posts"}],"about":[{"href":"https:\/\/www.bhkrf.se\/bs\/wp-json\/wp\/v2\/types\/post"}],"author":[{"embeddable":true,"href":"https:\/\/www.bhkrf.se\/bs\/wp-json\/wp\/v2\/users\/11"}],"replies":[{"embeddable":true,"href":"https:\/\/www.bhkrf.se\/bs\/wp-json\/wp\/v2\/comments?post=15316"}],"version-history":[{"count":4,"href":"https:\/\/www.bhkrf.se\/bs\/wp-json\/wp\/v2\/posts\/15316\/revisions"}],"predecessor-version":[{"id":41820,"href":"https:\/\/www.bhkrf.se\/bs\/wp-json\/wp\/v2\/posts\/15316\/revisions\/41820"}],"wp:featuredmedia":[{"embeddable":true,"href":"https:\/\/www.bhkrf.se\/bs\/wp-json\/wp\/v2\/media\/15277"}],"wp:attachment":[{"href":"https:\/\/www.bhkrf.se\/bs\/wp-json\/wp\/v2\/media?parent=15316"}],"wp:term":[{"taxonomy":"category","embeddable":true,"href":"https:\/\/www.bhkrf.se\/bs\/wp-json\/wp\/v2\/categories?post=15316"},{"taxonomy":"post_tag","embeddable":true,"href":"https:\/\/www.bhkrf.se\/bs\/wp-json\/wp\/v2\/tags?post=15316"}],"curies":[{"name":"wp","href":"https:\/\/api.w.org\/{rel}","templated":true}]}}