{"id":24410,"date":"2014-11-24T09:56:22","date_gmt":"2014-11-24T08:56:22","guid":{"rendered":"http:\/\/www.bhkrf.se\/?p=24410"},"modified":"2017-06-02T08:31:09","modified_gmt":"2017-06-02T07:31:09","slug":"sjednica-glavnog-odbora-15","status":"publish","type":"post","link":"https:\/\/www.bhkrf.se\/bs\/2014\/11\/24\/sjednica-glavnog-odbora-15\/","title":{"rendered":"Sjednica Glavnog odbora"},"content":{"rendered":"<p>Sjednica Glavnog odbora BH Saveza \u017eena u \u0160vedskoj.<\/p>\n<div id=\"attachment_24404\" style=\"width: 524px\" class=\"wp-caption alignnone\"><img loading=\"lazy\" decoding=\"async\" aria-describedby=\"caption-attachment-24404\" src=\"http:\/\/www.bhkrf.se\/wp-content\/uploads\/2014\/11\/kulturhus-skovde.jpg\" alt=\"Sk\u00f6vde Kulturhus\" title=\"Sk\u00f6vde Kulturhus\" width=\"514\" height=\"337\" class=\"size-full wp-image-24404\" srcset=\"https:\/\/www.bhkrf.se\/wp-content\/uploads\/2014\/11\/kulturhus-skovde.jpg 514w, https:\/\/www.bhkrf.se\/wp-content\/uploads\/2014\/11\/kulturhus-skovde-156x103.jpg 156w\" sizes=\"auto, (max-width: 514px) 100vw, 514px\" \/><p id=\"caption-attachment-24404\" class=\"wp-caption-text\">Sk\u00f6vde<\/p><\/div>\n<p>Vrijeme: subota 24. januara 2015. u 12.00<\/p>\n<p>Mjesto: Bosanskohercegova\u010dko kulturno udru\u017eenje \u201dBehar\u201d, Henriksbergsgatan 15, 541 37 Sk\u00f6vde<\/p>\n<div class=\"naslov\">Slike sa sjednice<\/div>\n<div class=\"ngg-albumtop\">\n<div class=\"ngg-albumtitle\"><a href=\"https:\/\/www.bhkrf.se\/fotogalleri\/skovde-2015-01-24\/\"     >Sk\u00f6vde, 2015-01-24<\/a><\/div>\n<div class=\"ngg-albumcontent\">\n<div class=\"ngg-thumbnail\">\n<a href=\"https:\/\/www.bhkrf.se\/fotogalleri\/skovde-2015-01-24\/\"     ><img decoding=\"async\" class=\"Thumb\" alt=\"Sk\u00f6vde, 2015-01-24\" src=\"http:\/\/www.bhkrf.se\/nextgen-image\/10540\/156x103\/crop\/2fc0b94d5286c4b1233635cbc2ed45f3\"\/><\/a>\n<\/div>\n<div class=\"ngg-description\">\nKvinnoriksf\u00f6rbundets styrelsem\u00f6te \/\/ Sjednica Glavnog odbora \/\/ Foto: Haris Tucakovi\u0107<br \/>\n<strong>26<\/strong> slika\/e\n<\/div>\n<\/div>\n<\/div>\n<div class=\"sidan-uppd\">Stranica obnovljena: 2015-01-26<\/div>\n","protected":false},"excerpt":{"rendered":"<p>Sjednica Glavnog odbora BH Saveza \u017eena u \u0160vedskoj. Vrijeme: subota 24. januara 2015. u 12.00 Mjesto: Bosanskohercegova\u010dko kulturno udru\u017eenje \u201dBehar\u201d, Henriksbergsgatan 15, 541 37 Sk\u00f6vde Slike sa sjednice Sk\u00f6vde, 2015-01-24 Kvinnoriksf\u00f6rbundets styrelsem\u00f6te \/\/ Sjednica Glavnog odbora \/\/ Foto: Haris Tucakovi\u0107 26 slika\/e Stranica obnovljena: 2015-01-26<\/p>\n","protected":false},"author":11,"featured_media":24404,"comment_status":"closed","ping_status":"closed","sticky":false,"template":"","format":"standard","meta":{"ngg_post_thumbnail":0,"_monsterinsights_skip_tracking":false,"footnotes":""},"categories":[28,105,3],"tags":[260,42],"class_list":["post-24410","post","type-post","status-publish","format-standard","has-post-thumbnail","hentry","category-demokratija","category-konferencije-sjednice","category-opste","tag-rodna-ravnopravnost-bs","tag-susreti"],"_links":{"self":[{"href":"https:\/\/www.bhkrf.se\/bs\/wp-json\/wp\/v2\/posts\/24410","targetHints":{"allow":["GET"]}}],"collection":[{"href":"https:\/\/www.bhkrf.se\/bs\/wp-json\/wp\/v2\/posts"}],"about":[{"href":"https:\/\/www.bhkrf.se\/bs\/wp-json\/wp\/v2\/types\/post"}],"author":[{"embeddable":true,"href":"https:\/\/www.bhkrf.se\/bs\/wp-json\/wp\/v2\/users\/11"}],"replies":[{"embeddable":true,"href":"https:\/\/www.bhkrf.se\/bs\/wp-json\/wp\/v2\/comments?post=24410"}],"version-history":[{"count":4,"href":"https:\/\/www.bhkrf.se\/bs\/wp-json\/wp\/v2\/posts\/24410\/revisions"}],"predecessor-version":[{"id":41805,"href":"https:\/\/www.bhkrf.se\/bs\/wp-json\/wp\/v2\/posts\/24410\/revisions\/41805"}],"wp:featuredmedia":[{"embeddable":true,"href":"https:\/\/www.bhkrf.se\/bs\/wp-json\/wp\/v2\/media\/24404"}],"wp:attachment":[{"href":"https:\/\/www.bhkrf.se\/bs\/wp-json\/wp\/v2\/media?parent=24410"}],"wp:term":[{"taxonomy":"category","embeddable":true,"href":"https:\/\/www.bhkrf.se\/bs\/wp-json\/wp\/v2\/categories?post=24410"},{"taxonomy":"post_tag","embeddable":true,"href":"https:\/\/www.bhkrf.se\/bs\/wp-json\/wp\/v2\/tags?post=24410"}],"curies":[{"name":"wp","href":"https:\/\/api.w.org\/{rel}","templated":true}]}}