{"id":33831,"date":"2016-10-20T08:38:57","date_gmt":"2016-10-20T07:38:57","guid":{"rendered":"http:\/\/www.bhkrf.se\/bs\/?p=33831"},"modified":"2016-10-20T08:38:57","modified_gmt":"2016-10-20T07:38:57","slug":"forum-rodne-ravnopravnosti-2017","status":"publish","type":"post","link":"https:\/\/www.bhkrf.se\/bs\/2016\/10\/20\/forum-rodne-ravnopravnosti-2017\/","title":{"rendered":"Forum rodne ravnopravnosti 2017."},"content":{"rendered":"<p><a href=\"http:\/\/forumjamstalldhet.se\/2017\/\" target=\"_blank\" title=\"Forum rodne ravnopravnosti 2017.\">Forum rodne ravnopravnosti 2017.<\/a> odr\u017ea\u0107e se od 31. januara do 1. februara u presti\u017enom kongresnom centru Conventum u centru \u00d6rebra.<\/p>\n<div id=\"attachment_33821\" style=\"width: 524px\" class=\"wp-caption alignnone\"><img loading=\"lazy\" decoding=\"async\" aria-describedby=\"caption-attachment-33821\" src=\"http:\/\/www.bhkrf.se\/wp-content\/uploads\/2016\/10\/conventum.jpg\" alt=\"Kongresni centar Conventum u \u00d6rebru\" title=\"Kongresni centar Conventum u \u00d6rebru\" width=\"514\" height=\"277\" class=\"size-full wp-image-33821\" \/><p id=\"caption-attachment-33821\" class=\"wp-caption-text\">Kongresni centar Conventum u \u00d6rebru<\/p><\/div>\n<div class=\"naslov\">\u0160ta je Forum rodne ravnopravnosti?<\/div>\n<p><a href=\"http:\/\/forumjamstalldhet.se\/2017\/\" target=\"_blank\" title=\"Forum rodne ravnopravnosti\">Forum rodne ravnopravnosti<\/a> je najve\u0107a \u0161vedska konferencija o rodnoj ravnopravnosti! Inspiri\u0161ite se za cijelu organizaciju! Razvijte svoje kompetencije i profesionalne mre\u017ee! <!--more--><\/p>\n<p>Program sadr\u017ei zanimljiva predavanja, produbljene seminare i interaktivne radionice. Dobri primjeri iz cijele zemlje, pronicljive analize i nove ideje daju vam mogu\u0107nosti za stvaranje boljih i ravnopravnijih aktivnosti. Dobro do\u0161li u \u00d6rebro 31. januara do 1. februara 2017!<\/p>\n<div class=\"naslov\">Ko dolazi?<\/div>\n<p><a href=\"http:\/\/forumjamstalldhet.se\/2017\/\" target=\"_blank\" title=\"Forum rodne ravnopravnosti\">Forum rodne ravnopravnosti<\/a> namijenjen je svima koji se bave vo\u0111enjem i razvojem aktivnosti ili njihovim provo\u0111enjem na svim nivoima i u svim oblastima. Na\u0161a ciljna grupa je u komunama, oblasnim skup\u0161tinama i ustanovama, kao i sindikatima, preduze\u0107ima i organizacijama. Mo\u017eda ste izabrani\/a predstavnik\/ca, kontrolor\/ka ili stru\u010dnjak\/inja? Mo\u017eda radite za neku ustanovu, komunu ili oblasnu skup\u0161tinu? Mo\u017eda ste planer\/ka, strateg\/inja ili koordinator\/ica gdje ulazi rodna ravnopravnost? Ili radite na razvoju aktivnosti i kvaliteta kao stru\u010dni\/a savjetnik\/ca u preduze\u0107u ili u velikoj organizaciji?<\/p>\n<div class=\"naslov\">Radi se o rodnoj ravnopravnosti!<\/div>\n<p><a href=\"http:\/\/forumjamstalldhet.se\/2017\/\" target=\"_blank\" title=\"Forum rodne ravnopravnosti\">Forum rodne ravnopravnosti<\/a> zasniva se na integraciji rodne ravnopravnosti. To je strategija koju su \u0160vedska i svijet izabrali radi postizanja rodno ravnopravnog dru\u0161tva. Integracija rodne ravnopravnosti zna\u010di da rodna perspektiva treba biti uklju\u010dena u svim aspektima svih procesa. Tada rodna perspektiva doprinosi pobolj\u0161anju redovnih aktivnosti, umjesto da je sporedni projekt. Integracija rodne ravnopravnosti je strategija koja dobro odgovara kako ustanovama i komunama tako i organizacijama i preduze\u0107ima. <a href=\"http:\/\/forumjamstalldhet.se\/2017\/\" target=\"_blank\" title=\"Forum rodne ravnopravnosti\">Forum rodne ravnopravnosti<\/a> usmjeren je na integraciju rodne perspektive u bud\u017eete, upravljanje i poslovni razvoj.<\/p>\n","protected":false},"excerpt":{"rendered":"<p>Forum rodne ravnopravnosti 2017. odr\u017ea\u0107e se od 31. januara do 1. februara u presti\u017enom kongresnom centru Conventum u centru \u00d6rebra. \u0160ta je Forum rodne ravnopravnosti? Forum rodne ravnopravnosti je najve\u0107a \u0161vedska konferencija o rodnoj ravnopravnosti! Inspiri\u0161ite se za cijelu organizaciju! Razvijte svoje kompetencije i profesionalne mre\u017ee!<\/p>\n","protected":false},"author":11,"featured_media":33821,"comment_status":"open","ping_status":"closed","sticky":false,"template":"","format":"standard","meta":{"ngg_post_thumbnail":0,"_monsterinsights_skip_tracking":false,"footnotes":""},"categories":[28,105,3,30],"tags":[47,147,260,241],"class_list":["post-33831","post","type-post","status-publish","format-standard","has-post-thumbnail","hentry","category-demokratija","category-konferencije-sjednice","category-opste","category-rodna-ravnopravnost","tag-konferencije","tag-multikulturalnost","tag-rodna-ravnopravnost-bs","tag-zenski-lobi"],"_links":{"self":[{"href":"https:\/\/www.bhkrf.se\/bs\/wp-json\/wp\/v2\/posts\/33831","targetHints":{"allow":["GET"]}}],"collection":[{"href":"https:\/\/www.bhkrf.se\/bs\/wp-json\/wp\/v2\/posts"}],"about":[{"href":"https:\/\/www.bhkrf.se\/bs\/wp-json\/wp\/v2\/types\/post"}],"author":[{"embeddable":true,"href":"https:\/\/www.bhkrf.se\/bs\/wp-json\/wp\/v2\/users\/11"}],"replies":[{"embeddable":true,"href":"https:\/\/www.bhkrf.se\/bs\/wp-json\/wp\/v2\/comments?post=33831"}],"version-history":[{"count":1,"href":"https:\/\/www.bhkrf.se\/bs\/wp-json\/wp\/v2\/posts\/33831\/revisions"}],"predecessor-version":[{"id":33832,"href":"https:\/\/www.bhkrf.se\/bs\/wp-json\/wp\/v2\/posts\/33831\/revisions\/33832"}],"wp:featuredmedia":[{"embeddable":true,"href":"https:\/\/www.bhkrf.se\/bs\/wp-json\/wp\/v2\/media\/33821"}],"wp:attachment":[{"href":"https:\/\/www.bhkrf.se\/bs\/wp-json\/wp\/v2\/media?parent=33831"}],"wp:term":[{"taxonomy":"category","embeddable":true,"href":"https:\/\/www.bhkrf.se\/bs\/wp-json\/wp\/v2\/categories?post=33831"},{"taxonomy":"post_tag","embeddable":true,"href":"https:\/\/www.bhkrf.se\/bs\/wp-json\/wp\/v2\/tags?post=33831"}],"curies":[{"name":"wp","href":"https:\/\/api.w.org\/{rel}","templated":true}]}}