{"id":43319,"date":"2018-02-07T13:32:14","date_gmt":"2018-02-07T12:32:14","guid":{"rendered":"http:\/\/www.bhkrf.se\/?p=43319"},"modified":"2018-02-22T12:29:14","modified_gmt":"2018-02-22T11:29:14","slug":"bosanskohercegovacka-predstava-skrivene-sjene-na-turneji-po-svedskoj","status":"publish","type":"post","link":"https:\/\/www.bhkrf.se\/bs\/2018\/02\/07\/bosanskohercegovacka-predstava-skrivene-sjene-na-turneji-po-svedskoj\/","title":{"rendered":"Bosanskohercegova\u010dka predstava Skrivene sjene na turneji po \u0160vedskoj"},"content":{"rendered":"<p>Trezvenja\u010dke obrazovne organizacije <a href=\"http:\/\/iogt.se\/\" rel=\"noopener\" target=\"_blank\" title=\"IOGT-NTO\">IOGT-NTO<\/a> i <a href=\"https:\/\/www.nbv.se\/\" rel=\"noopener\" target=\"_blank\" title=\"NBV\">NBV<\/a> pozivaju vas na pozori\u0161nu predstavu Skrivene sjene \u2013 o alkoholu i nasilju u bliskim vezama. Predstavu izvodi pozori\u0161na grupa iz Travnika na osnovu stvarnih pri\u010da \u017eena izlo\u017eenih nasilju vezanom za alkohol.<\/p>\n<div id=\"attachment_43285\" style=\"width: 524px\" class=\"wp-caption alignnone\"><img loading=\"lazy\" decoding=\"async\" aria-describedby=\"caption-attachment-43285\" src=\"http:\/\/www.bhkrf.se\/wp-content\/uploads\/2018\/02\/skrivene-sjene-cem.jpg\" alt=\"Skrivene Sjene \u2013 Hidden Shadows (Izvor: CEM)\" title=\"Skrivene Sjene \u2013 Hidden Shadows (Izvor: CEM)\" width=\"514\" height=\"305\" class=\"size-full wp-image-43285\" \/><p id=\"caption-attachment-43285\" class=\"wp-caption-text\">Skrivene Sjene \u2013 Hidden Shadows (Izvor: CEM)<\/p><\/div>\n<p>Predstava traje sat vremena i izvodi se na bosanskom jeziku sa \u0161vedskim titlovima. Poslije toga se poslu\u017euju sendvi\u010di i nastavlja razgovor o utiscima o predstavi i o temi. Skrivene sjene ranije su igrane kako u Bosni i Hercegovini tako i u Srbiji i pri \u017denskoj komisiji Ujedinjenih nacija u Njujorku, \u0161to je pobudilo osje\u0107anja i mnoge razgovore gledalaca. <!--more--><\/p>\n<p>Iza predstave stoji Centar za edukaciju mladih (CEM) Travnik, saradni\u010dka organizacija s trezvenja\u010dkim pokretom <a href=\"http:\/\/iogt.se\/\" rel=\"noopener\" target=\"_blank\" title=\"IOGT-NTO\">IOGT-NTO<\/a> koji zajedno s Trezvenja\u010dkim obrazovnim savezom <a href=\"https:\/\/www.nbv.se\/\" rel=\"noopener\" target=\"_blank\" title=\"NBV\">NBV<\/a> organizuje ovu turneju po \u0160vedskoj.<\/p>\n<div class=\"naslov\">Pozori\u0161na turneja<\/div>\n<div class=\"izbtekst\">PA\u017dNJA! Predstava je prili\u010dno jaka i nije pogodna za mla\u0111u djecu.<\/div>\n<div class=\"divlista\">\n<ul class=\"lista\">\n<li>Malm\u00f6, <a href=\"http:\/\/moriskapaviljongen.se\/\" rel=\"noopener\" target=\"_blank\" title=\"Moriska paviljongen\">Moriska paviljongen<\/a>, utorak, 6. marta, 18.00\u201320.00, lokal \u0107e uskoro biti objavljen<\/li>\n<li><a href=\"https:\/\/www.skovde.se\/kultur-fritid\/kultur\/Kulturhus\/\" rel=\"noopener\" target=\"_blank\" title=\"Sk\u00f6vde Kulturhus\">Sk\u00f6vde Kulturhus<\/a>, Valhall, srijeda, 7. marta, 18.00\u201320.00<\/li>\n<li>M\u00f6lnlycke, <a href=\"http:\/\/www.wendelsberg.se\" rel=\"noopener\" target=\"_blank\" title=\"Wendelsbergs Folkh\u00f6gskola\">Wendelsbergs Folkh\u00f6gskola<\/a>, \u010detvrtak, 8. marta, 18.30\u201320.30<\/li>\n<li><a href=\"https:\/\/kulturhusetjonkoping.se\/\" rel=\"noopener\" target=\"_blank\" title=\"J\u00f6nk\u00f6ping Kulturhus\">J\u00f6nk\u00f6ping Kulturhus<\/a>, petak, 9. marta, 18.30\u201320.30<\/li>\n<li>Stockholm, <a href=\"http:\/\/www.pero.se\/\" rel=\"noopener\" target=\"_blank\" title=\"Teater Pero\">Teater Pero<\/a>, nedjelja, 11. marta, 14.30\u201316.30 i ponedjeljak, 12. marta, 15.00\u201317.00<\/li>\n<li>K\u00f6ping, <a href=\"http:\/\/www.iogt-nto-forum.net\/\" rel=\"noopener\" target=\"_blank\" title=\"Forum\">Forum<\/a>, utorak, 13. marta, 18.00\u201320.00<\/li>\n<\/ul>\n<\/div>\n<div class=\"naslov\">Ulaznice<\/div>\n<p>Ulaznice za predstavu dostupne su na: <a href=\"http:\/\/www.bit.ly\/hiddenshadows\" rel=\"noopener\" target=\"_blank\" title=\"www.bit.ly\/hiddenshadows\">www.bit.ly\/hiddenshadows<\/a><\/p>\n<p>Ulaznice su besplatne, ali primamo dobrovoljni prilog za kafu. Ke\u0161 i Swish \u0107e slu\u017eiti za pla\u0107anje na licu mjesta. Budu\u0107i da je broj mjesta je ograni\u010den, molimo da se prijavite do 1. marta kako bi se osiguralo mjesto.<\/p>\n<p>Ako \u017eelite rezervisati ulaznice za porodicu ili ve\u0107e dru\u0161tvo, napi\u0161ite u formularu koliko vas ima. Zatim \u0107emo poslati potvrdu putem e-po\u0161te na navedenu adresu. Va\u0161e ime i broj ulaznica koje ste rezervisali bi\u0107e na listi gostiju na ulazu u pozori\u0161te.<\/p>\n<div class=\"naslov\">Kontakt<\/div>\n<p>Za uputstva i pitanja o dostupnosti lokala, molimo vas da kontaktirate odgovaraju\u0107e pozori\u0161te.<\/p>\n<p>Za ostala pitanja o turneji, obratite se Juliji Carlb\u00e4cker, IOGT-NTO, <a href=\"mailto:julia.carlbacker@iogt.se\" rel=\"noopener\" target=\"_blank\" title=\"julia.carlbacker(a)iogt.se\">julia.carlbacker(a)iogt.se<\/a>, <a href=\"tel:+46702834559\" title=\"Mobitel\">070-283 45 59<\/a><\/p>\n<p><a href=\"http:\/\/iogt.se\/hidden-shadows\/\" rel=\"noopener\" target=\"_blank\" title=\"Vi\u0161e informacija\">Vi\u0161e informacija<\/a><\/p>\n<div class=\"sidan-uppd\">Stranica obnovljena: 2018-02-22<\/div>\n","protected":false},"excerpt":{"rendered":"<p>Trezvenja\u010dke obrazovne organizacije IOGT-NTO i NBV pozivaju vas na pozori\u0161nu predstavu Skrivene sjene \u2013 o alkoholu i nasilju u bliskim vezama. Predstavu izvodi pozori\u0161na grupa iz Travnika na osnovu stvarnih pri\u010da \u017eena izlo\u017eenih nasilju vezanom za alkohol. Predstava traje sat vremena i izvodi se na bosanskom jeziku sa \u0161vedskim titlovima. Poslije toga se poslu\u017euju sendvi\u010di [&hellip;]<\/p>\n","protected":false},"author":11,"featured_media":43285,"comment_status":"closed","ping_status":"closed","sticky":false,"template":"","format":"standard","meta":{"ngg_post_thumbnail":0,"_monsterinsights_skip_tracking":false,"footnotes":""},"categories":[25,3,30,194],"tags":[420,497],"class_list":["post-43319","post","type-post","status-publish","format-standard","has-post-thumbnail","hentry","category-kultura-2","category-opste","category-rodna-ravnopravnost","category-trezvenjacki-pokret","tag-bosna-i-hercegovina","tag-iogt-nto-bs"],"_links":{"self":[{"href":"https:\/\/www.bhkrf.se\/bs\/wp-json\/wp\/v2\/posts\/43319","targetHints":{"allow":["GET"]}}],"collection":[{"href":"https:\/\/www.bhkrf.se\/bs\/wp-json\/wp\/v2\/posts"}],"about":[{"href":"https:\/\/www.bhkrf.se\/bs\/wp-json\/wp\/v2\/types\/post"}],"author":[{"embeddable":true,"href":"https:\/\/www.bhkrf.se\/bs\/wp-json\/wp\/v2\/users\/11"}],"replies":[{"embeddable":true,"href":"https:\/\/www.bhkrf.se\/bs\/wp-json\/wp\/v2\/comments?post=43319"}],"version-history":[{"count":4,"href":"https:\/\/www.bhkrf.se\/bs\/wp-json\/wp\/v2\/posts\/43319\/revisions"}],"predecessor-version":[{"id":43418,"href":"https:\/\/www.bhkrf.se\/bs\/wp-json\/wp\/v2\/posts\/43319\/revisions\/43418"}],"wp:featuredmedia":[{"embeddable":true,"href":"https:\/\/www.bhkrf.se\/bs\/wp-json\/wp\/v2\/media\/43285"}],"wp:attachment":[{"href":"https:\/\/www.bhkrf.se\/bs\/wp-json\/wp\/v2\/media?parent=43319"}],"wp:term":[{"taxonomy":"category","embeddable":true,"href":"https:\/\/www.bhkrf.se\/bs\/wp-json\/wp\/v2\/categories?post=43319"},{"taxonomy":"post_tag","embeddable":true,"href":"https:\/\/www.bhkrf.se\/bs\/wp-json\/wp\/v2\/tags?post=43319"}],"curies":[{"name":"wp","href":"https:\/\/api.w.org\/{rel}","templated":true}]}}