{"id":44107,"date":"2018-03-09T14:21:44","date_gmt":"2018-03-09T13:21:44","guid":{"rendered":"http:\/\/www.bhkrf.se\/?p=44107"},"modified":"2018-03-09T17:23:05","modified_gmt":"2018-03-09T16:23:05","slug":"10-godina-sa-udruzenjem-zajedno-lidkoping","status":"publish","type":"post","link":"https:\/\/www.bhkrf.se\/bs\/2018\/03\/09\/10-godina-sa-udruzenjem-zajedno-lidkoping\/","title":{"rendered":"10 godina sa udru\u017eenjem Zajedno Lidk\u00f6ping"},"content":{"rendered":"<p>Kulturno udru\u017eenje Zajedno Lidk\u00f6ping proslavlja svoju 10-godi\u0161njicu bogatim programom organizovanim u saradnji s <a href=\"https:\/\/www.nbv.se\/\" rel=\"noopener\" target=\"_blank\" title=\"Nykterhetsr\u00f6relsens bildningsverksamhet NBV\">Trezvenja\u010dkim obrazovnim savezom NBV<\/a> (<a href=\"https:\/\/www.nbv.se\/vast\/\" rel=\"noopener\" target=\"_blank\" title=\"NBV V\u00e4st\">NBV V\u00e4st<\/a>), <a href=\"https:\/\/lidkoping.se\/\" rel=\"noopener\" target=\"_blank\" title=\"Komuna Lidk\u00f6ping\">komunom Lidk\u00f6ping<\/a> i BH Savezom \u017eena u \u0160vedskoj.<\/p>\n<div id=\"attachment_44095\" style=\"width: 524px\" class=\"wp-caption alignnone\"><a href=\"http:\/\/www.bhkrf.se\/wp-content\/uploads\/2018\/03\/bhkrf-lidkoping-20180324-bs.jpg\" class=\"floatbox\" rev=\"group:44107 caption:`10 godina sa udru\u017eenjem Zajedno Lidk\u00f6ping`\"><img loading=\"lazy\" decoding=\"async\" aria-describedby=\"caption-attachment-44095\" src=\"http:\/\/www.bhkrf.se\/wp-content\/uploads\/2018\/03\/bhkrf-lidkoping-20180324-bs-514.jpg\" alt=\"10 godina sa udru\u017eenjem Zajedno Lidk\u00f6ping\" title=\"10 godina sa udru\u017eenjem Zajedno Lidk\u00f6ping\" width=\"514\" height=\"727\" class=\"size-full wp-image-44095\" \/><\/a><p id=\"caption-attachment-44095\" class=\"wp-caption-text\">10 godina sa udru\u017eenjem Zajedno Lidk\u00f6ping<\/p><\/div>\n<p>Datum: subota 24. marta 2018. u 14.00<\/p>\n<p>Mjesto: Folkets Park, Framn\u00e4sv\u00e4gen 4, 531 54 Lidk\u00f6ping <!--more--><\/p>\n<p>Program<\/p>\n<div class=\"divlista\">\n<ul class=\"lista\">\n<li>14.00\u201318.00 <a href=\"https:\/\/www.bhkrf.se\/bs\/2018\/03\/09\/djecija-igraonica-sa-udruzenjem-zajedno-lidkoping\/\" title=\"Dje\u010dija igraonica sa udru\u017eenjem Zajedno Lidk\u00f6ping\">Dje\u010dija igraonica<\/a> (bojenje lica za djecu, dru\u017eenje sa Lutkom Dinom, slatki\u0161i i jo\u0161 puno iznena\u0111enja; i seke i brace i mame i tate i dede i nene \u2013 svi ste dobro do\u0161li!)<\/li>\n<li>18.00\u201319.00 10 godina sa udru\u017eenjem Zajedno Lidk\u00f6ping<\/li>\n<li>19.00\u201301.00 Zabava uz Nadira Gar\u010devi\u0107a (ulaz 100 kr, a za \u010dlanove udru\u017eenja u 2018. besplatan ulaz)<\/li>\n<\/ul>\n<\/div>\n<p>Info: Vahida Mehinovi\u0107 <a href=\"tel:+46768652703\" title=\"Mobitel\">076-865 27 03<\/a><\/p>\n<p>V\u00e4lkomna!<\/p>\n<div class=\"sidan-uppd\">Povezani linkovi: <a href=\"https:\/\/www.bhkrf.se\/bs\/2018\/03\/09\/djecija-igraonica-sa-udruzenjem-zajedno-lidkoping\/\" title=\"Dje\u010dija igraonica sa udru\u017eenjem Zajedno Lidk\u00f6ping\">Dje\u010dija igraonica sa udru\u017eenjem Zajedno Lidk\u00f6ping<\/a> | <a href=\"https:\/\/www.bhkrf.se\/bs\/2018\/01\/24\/23-izborna-godisnja-skupstina\/\" title=\"23. izborna godi\u0161nja skup\u0161tina\">23. izborna godi\u0161nja skup\u0161tina<\/a><\/div>\n","protected":false},"excerpt":{"rendered":"<p>Kulturno udru\u017eenje Zajedno Lidk\u00f6ping proslavlja svoju 10-godi\u0161njicu bogatim programom organizovanim u saradnji s Trezvenja\u010dkim obrazovnim savezom NBV (NBV V\u00e4st), komunom Lidk\u00f6ping i BH Savezom \u017eena u \u0160vedskoj. Datum: subota 24. marta 2018. u 14.00 Mjesto: Folkets Park, Framn\u00e4sv\u00e4gen 4, 531 54 Lidk\u00f6ping<\/p>\n","protected":false},"author":11,"featured_media":44095,"comment_status":"open","ping_status":"closed","sticky":false,"template":"","format":"standard","meta":{"ngg_post_thumbnail":0,"_monsterinsights_skip_tracking":false,"footnotes":""},"categories":[105,25,135,3,194],"tags":[153,123],"class_list":["post-44107","post","type-post","status-publish","format-standard","has-post-thumbnail","hentry","category-konferencije-sjednice","category-kultura-2","category-omladina-bs","category-opste","category-trezvenjacki-pokret","tag-jubileji","tag-nbv-bs"],"_links":{"self":[{"href":"https:\/\/www.bhkrf.se\/bs\/wp-json\/wp\/v2\/posts\/44107","targetHints":{"allow":["GET"]}}],"collection":[{"href":"https:\/\/www.bhkrf.se\/bs\/wp-json\/wp\/v2\/posts"}],"about":[{"href":"https:\/\/www.bhkrf.se\/bs\/wp-json\/wp\/v2\/types\/post"}],"author":[{"embeddable":true,"href":"https:\/\/www.bhkrf.se\/bs\/wp-json\/wp\/v2\/users\/11"}],"replies":[{"embeddable":true,"href":"https:\/\/www.bhkrf.se\/bs\/wp-json\/wp\/v2\/comments?post=44107"}],"version-history":[{"count":12,"href":"https:\/\/www.bhkrf.se\/bs\/wp-json\/wp\/v2\/posts\/44107\/revisions"}],"predecessor-version":[{"id":44160,"href":"https:\/\/www.bhkrf.se\/bs\/wp-json\/wp\/v2\/posts\/44107\/revisions\/44160"}],"wp:featuredmedia":[{"embeddable":true,"href":"https:\/\/www.bhkrf.se\/bs\/wp-json\/wp\/v2\/media\/44095"}],"wp:attachment":[{"href":"https:\/\/www.bhkrf.se\/bs\/wp-json\/wp\/v2\/media?parent=44107"}],"wp:term":[{"taxonomy":"category","embeddable":true,"href":"https:\/\/www.bhkrf.se\/bs\/wp-json\/wp\/v2\/categories?post=44107"},{"taxonomy":"post_tag","embeddable":true,"href":"https:\/\/www.bhkrf.se\/bs\/wp-json\/wp\/v2\/tags?post=44107"}],"curies":[{"name":"wp","href":"https:\/\/api.w.org\/{rel}","templated":true}]}}