{"id":47223,"date":"2018-09-20T08:54:13","date_gmt":"2018-09-20T07:54:13","guid":{"rendered":"http:\/\/www.bhkrf.se\/?p=47223"},"modified":"2018-11-21T10:29:41","modified_gmt":"2018-11-21T09:29:41","slug":"konferencija-jezik-i-demokratija","status":"publish","type":"post","link":"https:\/\/www.bhkrf.se\/bs\/2018\/09\/20\/konferencija-jezik-i-demokratija\/","title":{"rendered":"Konferencija \u201dJezik i demokratija\u201d"},"content":{"rendered":"<p><a href=\"https:\/\/www.nbv.se\/\" rel=\"noopener\" target=\"_blank\" title=\"Trezvenja\u010dki obrazovni savez (NBV)\">Trezvenja\u010dki obrazovni savez (NBV)<\/a>, <a href=\"http:\/\/izj.unsa.ba\/\" rel=\"noopener\" target=\"_blank\" title=\"Institut za jezik iz Sarajeva\">Institut za jezik iz Sarajeva<\/a>, <a href=\"http:\/\/bhsavez.org\/\" rel=\"noopener\" target=\"_blank\" title=\"Savez bosanskohercegova\u010dkih udru\u017eenja (BHRF)\">Savez bosanskohercegova\u010dkih udru\u017eenja (BHRF)<\/a>, <a href=\"http:\/\/www.izb.se\/\" rel=\"noopener\" target=\"_blank\" title=\"Islamska zajednica Bo\u0161njaka (BIS)\">Islamska zajednica Bo\u0161njaka (BIS)<\/a>, <a href=\"http:\/\/www.bhkrf.se\/\" rel=\"noopener\" target=\"_blank\" title=\"Bosanskohercegova\u010dki savez \u017eena (BHKRF)\">Bosanskohercegova\u010dki savez \u017eena (BHKRF)<\/a>, Bosanskohercegova\u010dko-\u0161vedski savez \u017eena (BHSKF), <a href=\"http:\/\/www.bemuf.org\/\" rel=\"noopener\" target=\"_blank\" title=\"Bosanskohercegova\u010dki muslimanski omladinski savez (BEMUF)\">Bosanskohercegova\u010dki muslimanski omladinski savez (BEMUF)<\/a> i <a href=\"http:\/\/apunetwork.net\/\" rel=\"noopener\" target=\"_blank\" title=\"APU Mre\u017ea\">APU Mre\u017ea<\/a> organizuju konferenciju \u201dJezik i demokratija\u201d.<\/p>\n<div id=\"attachment_47214\" style=\"width: 524px\" class=\"wp-caption alignnone\"><a href=\"http:\/\/www.bhkrf.se\/wp-content\/uploads\/2018\/09\/sollentuna-20181116-18-bs.jpg\" class=\"floatbox\" rev=\"group:47223 caption:`Konferencija \u201dJezik i demokratija\u201d`\"><img loading=\"lazy\" decoding=\"async\" aria-describedby=\"caption-attachment-47214\" src=\"http:\/\/www.bhkrf.se\/wp-content\/uploads\/2018\/09\/sollentuna-20181116-18-bs-514.jpg\" alt=\"Konferencija \u201dJezik i demokratija\u201d\" title=\"Konferencija \u201dJezik i demokratija\u201d\" width=\"514\" height=\"364\" class=\"size-full wp-image-47214\" \/><\/a><p id=\"caption-attachment-47214\" class=\"wp-caption-text\">Konferencija \u201dJezik i demokratija\u201d<\/p><\/div>\n<p>Vrijeme: subota\u2013nedjelja, 17\u201318. novembra 2018, od ru\u010dka do ru\u010dka<\/p>\n<p>Mjesto: <a href=\"https:\/\/www.google.com\/maps\/dir\/\/59.4268344,17.9512994\/\" rel=\"noopener\" target=\"_blank\" title=\"Scandic Hotel Star, Aniarav\u00e4gen 8, 191 21 Sollentuna\">Scandic Hotel Star, Aniarav\u00e4gen 8, 191 21 Sollentuna<\/a> <!--more--><\/p>\n<p>Ova inspirativna konferencija usmjerena je na maternji jezik, vi\u0161ejezi\u010dnost, integraciju i demokratiju.<\/p>\n<div class=\"naslov\">Program<\/div>\n<p>Subota, 17. novembra<\/p>\n<div class=\"divlista\">\n<ul class=\"lista\">\n<li>10.30\u201311.00 Registracija i kafa<\/li>\n<li>11.00\u201312.00 Predstavljanje rada svake organizacije na maternjem jeziku i vi\u0161ejezi\u010dnosti<\/li>\n<li>12.00\u201312.45 Uvodno obra\u0107anje i kratko predstavljanje rada 2016\u20132018. (Forum integracijskih inicijativa i NBV)<\/li>\n<li>12.45\u201313.45 Ru\u010dak<\/li>\n<li>13.45\u201314.45 \u201dNastava maternjeg jezika i njena budu\u0107nost \u2013 refleksije na teku\u0107e dr\u017eavno istra\u017eivanje\u201d, Nihad Bunar, profesor na Univerzitetu u Stockholmu<\/li>\n<li>14.45\u201315.45 \u201dUtopila sam se u \u0161vedski \u2013 izgubila maternji jezik i postala polujezi\u010dna\u201d, Nancy Malav\u00e9, novinarka i knji\u017eevnica<\/li>\n<li>15.45\u201316.00 Pauza<\/li>\n<li>16.00\u201317.00 Institut za jezik Univerziteta u Sarajevu<\/li>\n<li>17.00\u201318.00 Uloga planera razvoja (verksamhetsutvecklare) u saradnji s udru\u017eenjima i izvje\u0161tavanju o aktivnostima<\/li>\n<li>19.00 Ve\u010dera<\/li>\n<\/ul>\n<\/div>\n<p>Nedjelja, 18. novembra<\/p>\n<div class=\"divlista\">\n<ul class=\"lista\">\n<li>8.30 Uvodno obra\u0107anje<\/li>\n<li>9.00\u201310.30 Rad u grupama<\/li>\n<li>10.30\u201312.00 Zaklju\u010dci i smjernice za dalji rad<\/li>\n<li>12.00\u201313.00 Ru\u010dak<\/li>\n<\/ul>\n<\/div>\n<p>Cijeli program je bez alkohola.<\/p>\n<p>Svaka organizacija mo\u017ee prijaviti po 10 u\u010desnika. Prednost imaju predstavnici udru\u017eenja koja vode studijske kru\u017eoke NBV-a na temu maternji jezik i vi\u0161ejezi\u010dnost.<\/p>\n<p>Prijave Mirsadi Zahirovi\u0107, <a href=\"mailto:mirsada_z@hotmail.com\" rel=\"noopener\" target=\"_blank\" title=\"E-post\">mirsada_z@hotmail.com<\/a>, <a href=\"tel:+46707520947\" title=\"Mobil\">070-752 09 47<\/a> <font color=\"#ff0000\">najkasnije 26. oktobra 2018.<\/font><\/p>\n<div class=\"naslov\">Slike s programa<\/div>\n<div class=\"ngg-albumtop\">\n<div class=\"ngg-albumtitle\"><a href=\"https:\/\/www.bhkrf.se\/sollentuna-2018-11-17-18\/\"     >Sollentuna, 2018-11-17\/18<\/a><\/div>\n<div class=\"ngg-albumcontent\">\n<div class=\"ngg-thumbnail\">\n<a href=\"https:\/\/www.bhkrf.se\/sollentuna-2018-11-17-18\/\"     ><img decoding=\"async\" class=\"Thumb\" alt=\"Sollentuna, 2018-11-17\/18\" src=\"http:\/\/www.bhkrf.se\/wp-content\/gallery\/181117-sollentuna\/dynamic\/bhkrf-sollentuna-20181117-001.jpg-nggid0517131-ngg0dyn-156x103-00f0w010c011r110f110r010t010.jpg\"\/><\/a>\n<\/div>\n<div class=\"ngg-description\">\nKonferensen \u201dSpr\u00e5k och demokrati\u201d \/\/ Konferencija \u201dJezik i demokratija\u201d \/\/ NBV, BHRF, BIS, BHKRF, BHSKF, BEMUF &#038; APU Network \/\/ Foto: Haris Tucakovi\u0107<br \/>\n<strong>170<\/strong> slika\/e\n<\/div>\n<\/div>\n<\/div>\n<div class=\"sidan-uppd\">Stranica obnovljena: 2018-11-21<\/div>\n<div class=\"sidan-uppd\">Povezani linkovi: <a href=\"https:\/\/www.bhkrf.se\/bs\/2018\/11\/21\/odrzana-konferencija-o-jeziku-i-demokratiji-u-sollentuni\/\" title=\"Odr\u017eana konferencija o jeziku i demokratiji u Sollentuni\">Odr\u017eana konferencija o jeziku i demokratiji u Sollentuni<\/a><\/div>\n","protected":false},"excerpt":{"rendered":"<p>Trezvenja\u010dki obrazovni savez (NBV), Institut za jezik iz Sarajeva, Savez bosanskohercegova\u010dkih udru\u017eenja (BHRF), Islamska zajednica Bo\u0161njaka (BIS), Bosanskohercegova\u010dki savez \u017eena (BHKRF), Bosanskohercegova\u010dko-\u0161vedski savez \u017eena (BHSKF), Bosanskohercegova\u010dki muslimanski omladinski savez (BEMUF) i APU Mre\u017ea organizuju konferenciju \u201dJezik i demokratija\u201d. Vrijeme: subota\u2013nedjelja, 17\u201318. novembra 2018, od ru\u010dka do ru\u010dka Mjesto: Scandic Hotel Star, Aniarav\u00e4gen 8, 191 21 [&hellip;]<\/p>\n","protected":false},"author":11,"featured_media":47214,"comment_status":"closed","ping_status":"closed","sticky":false,"template":"","format":"standard","meta":{"ngg_post_thumbnail":0,"_monsterinsights_skip_tracking":false,"footnotes":""},"categories":[28,105,25,3,194],"tags":[47,491,123],"class_list":["post-47223","post","type-post","status-publish","format-standard","has-post-thumbnail","hentry","category-demokratija","category-konferencije-sjednice","category-kultura-2","category-opste","category-trezvenjacki-pokret","tag-konferencije","tag-maternji-jezik-i-visejezicnost","tag-nbv-bs"],"_links":{"self":[{"href":"https:\/\/www.bhkrf.se\/bs\/wp-json\/wp\/v2\/posts\/47223","targetHints":{"allow":["GET"]}}],"collection":[{"href":"https:\/\/www.bhkrf.se\/bs\/wp-json\/wp\/v2\/posts"}],"about":[{"href":"https:\/\/www.bhkrf.se\/bs\/wp-json\/wp\/v2\/types\/post"}],"author":[{"embeddable":true,"href":"https:\/\/www.bhkrf.se\/bs\/wp-json\/wp\/v2\/users\/11"}],"replies":[{"embeddable":true,"href":"https:\/\/www.bhkrf.se\/bs\/wp-json\/wp\/v2\/comments?post=47223"}],"version-history":[{"count":10,"href":"https:\/\/www.bhkrf.se\/bs\/wp-json\/wp\/v2\/posts\/47223\/revisions"}],"predecessor-version":[{"id":48325,"href":"https:\/\/www.bhkrf.se\/bs\/wp-json\/wp\/v2\/posts\/47223\/revisions\/48325"}],"wp:featuredmedia":[{"embeddable":true,"href":"https:\/\/www.bhkrf.se\/bs\/wp-json\/wp\/v2\/media\/47214"}],"wp:attachment":[{"href":"https:\/\/www.bhkrf.se\/bs\/wp-json\/wp\/v2\/media?parent=47223"}],"wp:term":[{"taxonomy":"category","embeddable":true,"href":"https:\/\/www.bhkrf.se\/bs\/wp-json\/wp\/v2\/categories?post=47223"},{"taxonomy":"post_tag","embeddable":true,"href":"https:\/\/www.bhkrf.se\/bs\/wp-json\/wp\/v2\/tags?post=47223"}],"curies":[{"name":"wp","href":"https:\/\/api.w.org\/{rel}","templated":true}]}}