{"id":47960,"date":"2018-10-29T15:08:26","date_gmt":"2018-10-29T14:08:26","guid":{"rendered":"http:\/\/www.bhkrf.se\/?p=47960"},"modified":"2018-11-27T11:23:40","modified_gmt":"2018-11-27T10:23:40","slug":"svecano-obiljezavanje-dana-drzavnosti-bosne-i-hercegovine-2","status":"publish","type":"post","link":"https:\/\/www.bhkrf.se\/bs\/2018\/10\/29\/svecano-obiljezavanje-dana-drzavnosti-bosne-i-hercegovine-2\/","title":{"rendered":"Sve\u010dano obilje\u017eavanje Dana dr\u017eavnosti Bosne i Hercegovine"},"content":{"rendered":"<p>BH Savez \u017eena u \u0160vedskoj i <a href=\"https:\/\/www.nbv.se\/\" rel=\"noopener\" target=\"_blank\" title=\"Nykterhetsr\u00f6relsens Bildningsverksamhet NBV\">Trezvenja\u010dki obrazovni savez NBV<\/a> (<a href=\"https:\/\/www.nbv.se\/vast\" rel=\"noopener\" target=\"_blank\" title=\"NBV V\u00e4st\">NBV V\u00e4st<\/a>) organizuju sve\u010dano obilje\u017eavanje Dana dr\u017eavnosti Bosne i Hercegovine.<\/p>\n<div id=\"attachment_47952\" style=\"width: 524px\" class=\"wp-caption alignnone\"><a href=\"http:\/\/www.bhkrf.se\/wp-content\/uploads\/2018\/10\/bhkrf-goteborg-20181124-bs.jpg\" class=\"floatbox\" rev=\"group:47960 caption:`Sve\u010dano obilje\u017eavanje Dana dr\u017eavnosti Bosne i Hercegovine`\"><img loading=\"lazy\" decoding=\"async\" aria-describedby=\"caption-attachment-47952\" src=\"http:\/\/www.bhkrf.se\/wp-content\/uploads\/2018\/10\/bhkrf-goteborg-20181124-bs-514.jpg\" alt=\"Sve\u010dano obilje\u017eavanje Dana dr\u017eavnosti Bosne i Hercegovine\" title=\"Sve\u010dano obilje\u017eavanje Dana dr\u017eavnosti Bosne i Hercegovine\" width=\"514\" height=\"727\" class=\"size-full wp-image-47952\" \/><\/a><p id=\"caption-attachment-47952\" class=\"wp-caption-text\">Sve\u010dano obilje\u017eavanje Dana dr\u017eavnosti Bosne i Hercegovine<\/p><\/div>\n<p>Vrijeme: subota 24. novembra 2018. od 19.00<\/p>\n<p>Mjesto: <a href=\"https:\/\/www.google.com\/maps\/dir\/\/57.7021766,11.9533782\/\" rel=\"noopener\" target=\"_blank\" title=\"G\u00f6teborgs Litteraturhus, Heurlins Plats 1, 413 01 G\u00f6teborg\">G\u00f6teborgs Litteraturhus, Heurlins Plats 1, 413 01 G\u00f6teborg<\/a> <!--more--><\/p>\n<p>Kulturno-muzi\u010dki program; Milomir Kova\u010devi\u0107 Stra\u0161ni s izlo\u017ebom fotografija \u201dPisci u ratu\u201d i Hasija Bori\u0107, glumica i re\u017eiserka<\/p>\n<p>Zakuska uz bezalkoholno pi\u0107e<\/p>\n<p>Ulaz 250 kr | za djecu slobodan ulaz<\/p>\n<p>Ograni\u010den broj mjesta. Pla\u0107anje u gotovini ili putem swisha na <a href=\"tel:+46733838362\" title=\"Mobitel\">073-383 83 62 <\/a> (Ann-Louise Friberg, NBV V\u00e4st)<\/p>\n<p>Kontakt | Samira <a href=\"tel:+46705141329\" title=\"Mobitel\">070-514 13 29<\/a> | Sabaheta <a href=\"tel:+46702987141\" title=\"Mobitel\">070-298 71 41<\/a><\/p>\n<div class=\"naslov\">Slike s programa<\/div>\n<div class=\"ngg-albumtop\">\n<div class=\"ngg-albumtitle\"><a href=\"https:\/\/www.bhkrf.se\/goteborg-2018-11-24\/\"     >G\u00f6teborg, 2018-11-24<\/a><\/div>\n<div class=\"ngg-albumcontent\">\n<div class=\"ngg-thumbnail\">\n<a href=\"https:\/\/www.bhkrf.se\/goteborg-2018-11-24\/\"     ><img decoding=\"async\" class=\"Thumb\" alt=\"G\u00f6teborg, 2018-11-24\" src=\"http:\/\/www.bhkrf.se\/wp-content\/gallery\/181124-goteborg\/dynamic\/bhkrf-goteborg-20181124-001.jpg-nggid0517301-ngg0dyn-156x103-00f0w010c011r110f110r010t010.jpg\"\/><\/a>\n<\/div>\n<div class=\"ngg-description\">\nFirande av Bosnien-Hercegovinas nationaldag \/\/ Sve\u010dano obilje\u017eavanje Dana dr\u017eavnosti Bosne i Hercegovine \/\/ NBV V\u00e4st \/\/ Milomir Kova\u010devi\u0107 Stra\u0161ni &#038; Hasija Bori\u0107 \/\/ Foto: Haris Tucakovi\u0107<br \/>\n<strong>120<\/strong> slika\/e\n<\/div>\n<\/div>\n<\/div>\n<div class=\"sidan-uppd\">Stranica obnovljena: 2017-11-27<\/div>\n","protected":false},"excerpt":{"rendered":"<p>BH Savez \u017eena u \u0160vedskoj i Trezvenja\u010dki obrazovni savez NBV (NBV V\u00e4st) organizuju sve\u010dano obilje\u017eavanje Dana dr\u017eavnosti Bosne i Hercegovine. Vrijeme: subota 24. novembra 2018. od 19.00 Mjesto: G\u00f6teborgs Litteraturhus, Heurlins Plats 1, 413 01 G\u00f6teborg<\/p>\n","protected":false},"author":11,"featured_media":47952,"comment_status":"open","ping_status":"closed","sticky":false,"template":"","format":"standard","meta":{"ngg_post_thumbnail":0,"_monsterinsights_skip_tracking":false,"footnotes":""},"categories":[28,105,25,194],"tags":[420,123,144],"class_list":["post-47960","post","type-post","status-publish","format-standard","has-post-thumbnail","hentry","category-demokratija","category-konferencije-sjednice","category-kultura-2","category-trezvenjacki-pokret","tag-bosna-i-hercegovina","tag-nbv-bs","tag-praznici"],"_links":{"self":[{"href":"https:\/\/www.bhkrf.se\/bs\/wp-json\/wp\/v2\/posts\/47960","targetHints":{"allow":["GET"]}}],"collection":[{"href":"https:\/\/www.bhkrf.se\/bs\/wp-json\/wp\/v2\/posts"}],"about":[{"href":"https:\/\/www.bhkrf.se\/bs\/wp-json\/wp\/v2\/types\/post"}],"author":[{"embeddable":true,"href":"https:\/\/www.bhkrf.se\/bs\/wp-json\/wp\/v2\/users\/11"}],"replies":[{"embeddable":true,"href":"https:\/\/www.bhkrf.se\/bs\/wp-json\/wp\/v2\/comments?post=47960"}],"version-history":[{"count":5,"href":"https:\/\/www.bhkrf.se\/bs\/wp-json\/wp\/v2\/posts\/47960\/revisions"}],"predecessor-version":[{"id":48484,"href":"https:\/\/www.bhkrf.se\/bs\/wp-json\/wp\/v2\/posts\/47960\/revisions\/48484"}],"wp:featuredmedia":[{"embeddable":true,"href":"https:\/\/www.bhkrf.se\/bs\/wp-json\/wp\/v2\/media\/47952"}],"wp:attachment":[{"href":"https:\/\/www.bhkrf.se\/bs\/wp-json\/wp\/v2\/media?parent=47960"}],"wp:term":[{"taxonomy":"category","embeddable":true,"href":"https:\/\/www.bhkrf.se\/bs\/wp-json\/wp\/v2\/categories?post=47960"},{"taxonomy":"post_tag","embeddable":true,"href":"https:\/\/www.bhkrf.se\/bs\/wp-json\/wp\/v2\/tags?post=47960"}],"curies":[{"name":"wp","href":"https:\/\/api.w.org\/{rel}","templated":true}]}}