{"id":48611,"date":"2018-12-13T13:12:30","date_gmt":"2018-12-13T12:12:30","guid":{"rendered":"http:\/\/www.bhkrf.se\/?p=48611"},"modified":"2020-05-19T07:02:21","modified_gmt":"2020-05-19T06:02:21","slug":"konferencija-mandatora-nbv-a-2019","status":"publish","type":"post","link":"https:\/\/www.bhkrf.se\/bs\/2018\/12\/13\/konferencija-mandatora-nbv-a-2019\/","title":{"rendered":"Konferencija mandatora NBV-a 2019."},"content":{"rendered":"<p>Tokom 2019. predsjednici organizacija \u010dlanica <a href=\"https:\/\/www.nbv.se\/\" rel=\"noopener noreferrer\" target=\"_blank\" title=\"Nykterhetsr\u00f6relsens Bildningsverksamhet, NBV\">NBV<\/a>-a \u0107e se sastati dva puta. Prvi susret \u2013 Konferencija mandatora \u2013 odr\u017ea\u0107e se u petak 18. januara i subotu 19. januara 2019. Drugi susret bi\u0107e redovna konferencija mandatora 27. i 28.  septembra 2019.<\/p>\n<div id=\"attachment_48584\" style=\"width: 524px\" class=\"wp-caption alignnone\"><img loading=\"lazy\" decoding=\"async\" aria-describedby=\"caption-attachment-48584\" src=\"http:\/\/www.bhkrf.se\/wp-content\/uploads\/2018\/12\/nbv-huvudmannakonferens-2019-bs-1.jpg\" alt=\"Konferencija mandatora NBV-a 2019.\" title=\"Konferencija mandatora NBV-a 2019.\" width=\"514\" height=\"364\" class=\"size-full wp-image-48584\" \/><\/a><p id=\"caption-attachment-48584\" class=\"wp-caption-text\">Konferencija mandatora NBV-a 2019.<\/p><\/div>\n<p>Vrijeme: petak-subota, 18\u201319. januara 2019<\/p>\n<p>Lokacija: Scandic Klara, Sl\u00f6jdgatan 7, 111 57 Stockholm <!--more--><\/p>\n<div class=\"naslov\"> Program<\/div>\n<p>Petak, 18. januara<\/p>\n<div class=\"divlista\">\n<ul class=\"lista\">\n<li>12.00\u201313.00 Ru\u010dak<\/li>\n<li>13.00\u201314.00 Uvod (Vidar Aronsson) i Politi\u010dki anga\u017eman omladine (Erik Amn\u00e5)<\/li>\n<li>14.00\u201314.30 Refleksije (Isabelle Benfalk <a href=\"https:\/\/www.unf.se\/\" rel=\"noopener noreferrer\" target=\"_blank\" title=\"Ungdomens Nykterhetsf\u00f6rbund, UNF\">UNF<\/a> i Fredrik Berggren <a href=\"https:\/\/www.sbu.se\/sv\/\" rel=\"noopener noreferrer\" target=\"_blank\" title=\"Statens beredning f\u00f6r medicinsk och social utv\u00e4rdering, SBU\">SBU<\/a>)<\/li>\n<li>14.30\u201315.10 Diskusije u malim grupama<\/li>\n<li>15.10\u201315.40 Kafa<\/li>\n<li>15.40\u201316.20 Diskusija u cijeloj grupi<\/li>\n<li>18.00 Ve\u010dera u hotelu<\/li>\n<\/ul>\n<\/div>\n<p>Subota, 19. januara<\/p>\n<div class=\"divlista\">\n<ul class=\"lista\">\n<li>8.30\u20139.30 World Values Survey (WVS), Va\u017enost politike alkohola (\u00c5ke Marcusson)<\/li>\n<li>9.30\u201310.00 Kafa\n<li>\n<li>10.00\u201310.40 Diskusije u malim grupama<\/li>\n<li>11.40\u201311.20 Diskusija u cijeloj grupi<\/li>\n<li>11.20\u201311.50 Izvje\u0161taj Alkohol i stariji <a href=\"https:\/\/www.sls.se\/\" rel=\"noopener noreferrer\" target=\"_blank\" title=\"Svenska l\u00e4kares\u00e4llskapet\">\u0160vedskog medicinskog dru\u0161tva<\/a> i  <a href=\"https:\/\/iogt.se\/\" rel=\"noopener noreferrer\" target=\"_blank\" title=\"IOGT-NTO\">IOGT-NTO<\/a>-a (Per Leimar)<\/li>\n<li>11.50\u201312.30 Zatvaranje (Vidar Aronsson)<\/li>\n<li>12.30 Ru\u010dak<\/li>\n<\/ul>\n<\/div>\n<p>Prijave na mejl <a href=\"mailto:katarina.kjellberg@nbv.se\" rel=\"noopener noreferrer\" target=\"_blank\" title=\"katarina.kjellberg@nbv.se\">katarina.kjellberg@nbv.se<\/a> do 14. decembra 2018.<\/p>\n","protected":false},"excerpt":{"rendered":"<p>Tokom 2019. predsjednici organizacija \u010dlanica NBV-a \u0107e se sastati dva puta. Prvi susret \u2013 Konferencija mandatora \u2013 odr\u017ea\u0107e se u petak 18. januara i subotu 19. januara 2019. Drugi susret bi\u0107e redovna konferencija mandatora 27. i 28. septembra 2019. Vrijeme: petak-subota, 18\u201319. januara 2019 Lokacija: Scandic Klara, Sl\u00f6jdgatan 7, 111 57 Stockholm<\/p>\n","protected":false},"author":11,"featured_media":48584,"comment_status":"closed","ping_status":"closed","sticky":false,"template":"","format":"standard","meta":{"ngg_post_thumbnail":0,"_monsterinsights_skip_tracking":false,"footnotes":""},"categories":[28,105,3,194],"tags":[47,123,42],"class_list":["post-48611","post","type-post","status-publish","format-standard","has-post-thumbnail","hentry","category-demokratija","category-konferencije-sjednice","category-opste","category-trezvenjacki-pokret","tag-konferencije","tag-nbv-bs","tag-susreti"],"_links":{"self":[{"href":"https:\/\/www.bhkrf.se\/bs\/wp-json\/wp\/v2\/posts\/48611","targetHints":{"allow":["GET"]}}],"collection":[{"href":"https:\/\/www.bhkrf.se\/bs\/wp-json\/wp\/v2\/posts"}],"about":[{"href":"https:\/\/www.bhkrf.se\/bs\/wp-json\/wp\/v2\/types\/post"}],"author":[{"embeddable":true,"href":"https:\/\/www.bhkrf.se\/bs\/wp-json\/wp\/v2\/users\/11"}],"replies":[{"embeddable":true,"href":"https:\/\/www.bhkrf.se\/bs\/wp-json\/wp\/v2\/comments?post=48611"}],"version-history":[{"count":7,"href":"https:\/\/www.bhkrf.se\/bs\/wp-json\/wp\/v2\/posts\/48611\/revisions"}],"predecessor-version":[{"id":53861,"href":"https:\/\/www.bhkrf.se\/bs\/wp-json\/wp\/v2\/posts\/48611\/revisions\/53861"}],"wp:featuredmedia":[{"embeddable":true,"href":"https:\/\/www.bhkrf.se\/bs\/wp-json\/wp\/v2\/media\/48584"}],"wp:attachment":[{"href":"https:\/\/www.bhkrf.se\/bs\/wp-json\/wp\/v2\/media?parent=48611"}],"wp:term":[{"taxonomy":"category","embeddable":true,"href":"https:\/\/www.bhkrf.se\/bs\/wp-json\/wp\/v2\/categories?post=48611"},{"taxonomy":"post_tag","embeddable":true,"href":"https:\/\/www.bhkrf.se\/bs\/wp-json\/wp\/v2\/tags?post=48611"}],"curies":[{"name":"wp","href":"https:\/\/api.w.org\/{rel}","templated":true}]}}