{"id":48728,"date":"2019-01-18T13:17:48","date_gmt":"2019-01-18T12:17:48","guid":{"rendered":"http:\/\/www.bhkrf.se\/?p=48728"},"modified":"2019-09-13T09:59:55","modified_gmt":"2019-09-13T08:59:55","slug":"hadzihafizbegoviceva-monodrama-sve-je-do-nas-u-varnamu-svedska","status":"publish","type":"post","link":"https:\/\/www.bhkrf.se\/bs\/2019\/01\/18\/hadzihafizbegoviceva-monodrama-sve-je-do-nas-u-varnamu-svedska\/","title":{"rendered":"Had\u017eihafizbegovi\u0107eva monodrama \u201dSve je do nas\u201d u V\u00e4rnamu, \u0160vedska"},"content":{"rendered":"<p>Monodrama \u201dSve je do nas\u201d s bosanskim glumcem Emirom Had\u017eihafizbegovi\u0107em o u\u010ditelju matematike koji gubi svoj posao i time materijalnu sigurnost jer govori istinu.<\/p>\n<div id=\"attachment_50473\" style=\"width: 524px\" class=\"wp-caption alignnone\"><a href=\"http:\/\/www.bhkrf.se\/wp-content\/uploads\/2019\/09\/emir-hadzihafizbegovic-sve-je-do-nas.jpg\" class=\"floatbox\" rev=\"group:48728 caption:`Had\u017eihafizbegovi\u0107eva monodrama \u201dSve je do nas\u201d (Foto: Story press, TVBH1)`\"><img loading=\"lazy\" decoding=\"async\" aria-describedby=\"caption-attachment-50473\" src=\"http:\/\/www.bhkrf.se\/wp-content\/uploads\/2019\/09\/emir-hadzihafizbegovic-sve-je-do-nas-514.jpg\" alt=\"Had\u017eihafizbegovi\u0107eva monodrama \u201dSve je do nas\u201d (Foto: Story press, TVBH1)\" title=\"Had\u017eihafizbegovi\u0107eva monodrama \u201dSve je do nas\u201d (Foto: Story press, TVBH1)\" width=\"514\" height=\"343\" class=\"size-full wp-image-50473\" srcset=\"https:\/\/www.bhkrf.se\/wp-content\/uploads\/2019\/09\/emir-hadzihafizbegovic-sve-je-do-nas-514.jpg 514w, https:\/\/www.bhkrf.se\/wp-content\/uploads\/2019\/09\/emir-hadzihafizbegovic-sve-je-do-nas-514-156x103.jpg 156w\" sizes=\"auto, (max-width: 514px) 100vw, 514px\" \/><\/a><p id=\"caption-attachment-50473\" class=\"wp-caption-text\">Had\u017eihafizbegovi\u0107eva monodrama \u201dSve je do nas\u201d (Foto: Story press, TVBH1)<\/p><\/div>\n<p>Vrijeme: subota 26. oktobra 2019. u 18.30<\/p>\n<p>Mjesto: Auditoriet, <a href=\"https:\/\/gummifabriken.nu\/\" rel=\"noopener noreferrer\" target=\"_blank\" title=\"gummifabriken.nu\">Gummifabriken<\/a>, <a href=\"https:\/\/www.google.com\/maps\/place\/J%C3%B6nk%C3%B6pingsv%C3%A4gen+15,+331+34+V%C3%A4rnamo\/@57.1883844,14.03775,15z\/\" rel=\"noopener noreferrer\" target=\"_blank\" title=\"J\u00f6nk\u00f6pingsv\u00e4gen 15, 331 34 V\u00e4rnamo\">J\u00f6nk\u00f6pingsv\u00e4gen 15, 331 34 V\u00e4rnamo<\/a> <!--more--><\/p>\n<p>Ulaznice na <a href=\"https:\/\/gummifabriken.nu\/\" rel=\"noopener noreferrer\" target=\"_blank\" title=\"gummifabriken.nu\">gummifabriken.nu<\/a><\/p>\n<p>Organizator: <a href=\"https:\/\/www.varnamo.se\/kommun-och-politik\/kommunens-organisation\/forvaltningar\/kulturforvaltningen.html\" rel=\"noopener noreferrer\" target=\"_blank\" title=\"Kulturf\u00f6rvaltningen i V\u00e4rnamo\">Uprava za kulturu, V\u00e4rnamo<\/a>, <a href=\"https:\/\/www.nbv.se\/\" rel=\"noopener noreferrer\" target=\"_blank\" title=\"Trezvenja\u010dki obrazovni savez NBV\">Trezvenja\u010dki obrazovni savez NBV<\/a> (<a href=\"https:\/\/www.nbv.se\/sydost\/\" rel=\"noopener noreferrer\" target=\"_blank\" title=\"NBV Sydost\">NBV Sydost<\/a>), udru\u017eenje Bosna i Hercegovina i udru\u017eenje \u017dena 99 V\u00e4rnamo<\/p>\n<div class=\"sidan-uppd\">Stranica obnovljena: 2019-09-13<\/div>\n","protected":false},"excerpt":{"rendered":"<p>Monodrama \u201dSve je do nas\u201d s bosanskim glumcem Emirom Had\u017eihafizbegovi\u0107em o u\u010ditelju matematike koji gubi svoj posao i time materijalnu sigurnost jer govori istinu. Vrijeme: subota 26. oktobra 2019. u 18.30 Mjesto: Auditoriet, Gummifabriken, J\u00f6nk\u00f6pingsv\u00e4gen 15, 331 34 V\u00e4rnamo<\/p>\n","protected":false},"author":11,"featured_media":50473,"comment_status":"closed","ping_status":"closed","sticky":false,"template":"","format":"standard","meta":{"ngg_post_thumbnail":0,"_monsterinsights_skip_tracking":false,"footnotes":""},"categories":[25,3,194],"tags":[420,40,123],"class_list":["post-48728","post","type-post","status-publish","format-standard","has-post-thumbnail","hentry","category-kultura-2","category-opste","category-trezvenjacki-pokret","tag-bosna-i-hercegovina","tag-kultura","tag-nbv-bs"],"_links":{"self":[{"href":"https:\/\/www.bhkrf.se\/bs\/wp-json\/wp\/v2\/posts\/48728","targetHints":{"allow":["GET"]}}],"collection":[{"href":"https:\/\/www.bhkrf.se\/bs\/wp-json\/wp\/v2\/posts"}],"about":[{"href":"https:\/\/www.bhkrf.se\/bs\/wp-json\/wp\/v2\/types\/post"}],"author":[{"embeddable":true,"href":"https:\/\/www.bhkrf.se\/bs\/wp-json\/wp\/v2\/users\/11"}],"replies":[{"embeddable":true,"href":"https:\/\/www.bhkrf.se\/bs\/wp-json\/wp\/v2\/comments?post=48728"}],"version-history":[{"count":6,"href":"https:\/\/www.bhkrf.se\/bs\/wp-json\/wp\/v2\/posts\/48728\/revisions"}],"predecessor-version":[{"id":50477,"href":"https:\/\/www.bhkrf.se\/bs\/wp-json\/wp\/v2\/posts\/48728\/revisions\/50477"}],"wp:featuredmedia":[{"embeddable":true,"href":"https:\/\/www.bhkrf.se\/bs\/wp-json\/wp\/v2\/media\/50473"}],"wp:attachment":[{"href":"https:\/\/www.bhkrf.se\/bs\/wp-json\/wp\/v2\/media?parent=48728"}],"wp:term":[{"taxonomy":"category","embeddable":true,"href":"https:\/\/www.bhkrf.se\/bs\/wp-json\/wp\/v2\/categories?post=48728"},{"taxonomy":"post_tag","embeddable":true,"href":"https:\/\/www.bhkrf.se\/bs\/wp-json\/wp\/v2\/tags?post=48728"}],"curies":[{"name":"wp","href":"https:\/\/api.w.org\/{rel}","templated":true}]}}