{"id":48827,"date":"2019-01-29T12:28:01","date_gmt":"2019-01-29T11:28:01","guid":{"rendered":"http:\/\/www.bhkrf.se\/?p=48827"},"modified":"2019-12-23T10:15:01","modified_gmt":"2019-12-23T09:15:01","slug":"svecano-obiljezavanje-dana-nezavisnosti-bosne-i-hercegovine","status":"publish","type":"post","link":"https:\/\/www.bhkrf.se\/bs\/2019\/01\/29\/svecano-obiljezavanje-dana-nezavisnosti-bosne-i-hercegovine\/","title":{"rendered":"Sve\u010dano obilje\u017eavanje Dana nezavisnosti Bosne i Hercegovine"},"content":{"rendered":"<p><a href=\"https:\/\/www.nbv.se\/\" rel=\"noopener noreferrer\" target=\"_blank\" title=\"Nykterhetsr\u00f6relsens Bildningsverksamhet NBV\">Trezvenja\u010dki obrazovni savez NBV<\/a> (<a href=\"https:\/\/www.nbv.se\/vast\" rel=\"noopener noreferrer\" target=\"_blank\" title=\"NBV V\u00e4st\">NBV V\u00e4st<\/a>), BH Savez \u017eena u \u0160vedskoj i <a href=\"https:\/\/www.facebook.com\/Una-F%C3%B6rlag-116138578412927\/\" rel=\"noopener noreferrer\" target=\"_blank\" title=\"Una F\u00f6rlag\">Una F\u00f6rlag<\/a> uz kulturno-muzi\u010dki i zabavni program organizuju sve\u010dano obilje\u017eavanje Dana nezavisnosti Bosne i Hercegovine.<\/p>\n<div id=\"attachment_48812\" style=\"width: 524px\" class=\"wp-caption alignnone\"><a href=\"http:\/\/www.bhkrf.se\/wp-content\/uploads\/2019\/01\/dn-bih-2019-bs.jpg\" class=\"floatbox\" rev=\"group:48827 caption:`Sve\u010dano obilje\u017eavanje Dana nezavisnosti Bosne i Hercegovine (Foto: patrice6000\/shutterstock.com)`\"><img loading=\"lazy\" decoding=\"async\" aria-describedby=\"caption-attachment-48812\" src=\"http:\/\/www.bhkrf.se\/wp-content\/uploads\/2019\/01\/dn-bih-2019-bs-514.jpg\" alt=\"Sve\u010dano obilje\u017eavanje Dana nezavisnosti Bosne i Hercegovine (Foto: patrice6000\/shutterstock.com)\" title=\"Sve\u010dano obilje\u017eavanje Dana nezavisnosti Bosne i Hercegovine (Foto: patrice6000\/shutterstock.com)\" width=\"514\" height=\"363\" class=\"size-full wp-image-48812\" \/><\/a><p id=\"caption-attachment-48812\" class=\"wp-caption-text\">Sve\u010dano obilje\u017eavanje Dana nezavisnosti Bosne i Hercegovine<br \/>(Foto: patrice6000\/shutterstock.com)<\/p><\/div>\n<p>Vrijeme: subota 2 marta 2019. u 19.00<\/p>\n<p>Mjesto: Restoran \u201dAptitg\u00e5rden\u201d, <a href=\"https:\/\/www.google.com\/maps\/place\/V%C3%A4dursgatan+5,+412+50+G%C3%B6teborg\/@57.7033725,11.9914553,17z\/\" rel=\"noopener noreferrer\" target=\"_blank\" title=\"V\u00e4dursgatan 5, 412 50 G\u00f6teborg\">V\u00e4dursgatan 5, 412 50 G\u00f6teborg<\/a> <!--more--><\/p>\n<p>Program se organizuje u sklopu <a href=\"https:\/\/www.bhkrf.se\/bs\/2019\/01\/22\/2-sajam-bosanskohercegovacke-knjige-u-svedskoj\/\" rel=\"noopener noreferrer\" target=\"_blank\" title=\"2. Sajam bosanskohercegova\u010dke knjige u \u0160vedskoj\">2. Sajma bosanskohercegova\u010dke knjige u \u0160vedskoj<\/a>.<\/p>\n<p>Ulaz: 250 kr (u cijenu ulazi sve\u010dana ve\u010dera \u2013 \u0161vedski sto, desert i sok) \u2013 svi\u0161ati na 123 337 63 32 (NBV V\u00e4st)<\/p>\n<p>Kontakt<\/p>\n<div class=\"divlista\">\n<ul class=\"lista\">\n<li>Samira Ajanovi\u0107 | <a href=\"mailto:una@comhem.se\" rel=\"noopener noreferrer\" target=\"_blank\" title=\"una@comhem.se\">una@comhem.se<\/a> | <a href=\"tel:+46705141329\" title=\"Mobitel\">070-514 13 29<\/a><\/li>\n<li>Sabaheta Vehabovi\u0107 | <a href=\"mailto:sabaheta.vehabovic@nbv.se\" rel=\"noopener noreferrer\" target=\"_blank\" title=\"sabaheta.vehabovic@nbv.se\">sabaheta.vehabovic@nbv.se<\/a> | <a href=\"tel:+46702987141\" title=\"Mobitel\">070-298 71 41<\/a><\/li>\n<\/ul>\n<\/div>\n","protected":false},"excerpt":{"rendered":"<p>Trezvenja\u010dki obrazovni savez NBV (NBV V\u00e4st), BH Savez \u017eena u \u0160vedskoj i Una F\u00f6rlag uz kulturno-muzi\u010dki i zabavni program organizuju sve\u010dano obilje\u017eavanje Dana nezavisnosti Bosne i Hercegovine. Vrijeme: subota 2 marta 2019. u 19.00 Mjesto: Restoran \u201dAptitg\u00e5rden\u201d, V\u00e4dursgatan 5, 412 50 G\u00f6teborg<\/p>\n","protected":false},"author":11,"featured_media":48812,"comment_status":"closed","ping_status":"closed","sticky":false,"template":"","format":"standard","meta":{"ngg_post_thumbnail":0,"_monsterinsights_skip_tracking":false,"footnotes":""},"categories":[28,105,25,3,194],"tags":[420,40,123,144,542,42],"class_list":["post-48827","post","type-post","status-publish","format-standard","has-post-thumbnail","hentry","category-demokratija","category-konferencije-sjednice","category-kultura-2","category-opste","category-trezvenjacki-pokret","tag-bosna-i-hercegovina","tag-kultura","tag-nbv-bs","tag-praznici","tag-sajam-knjige","tag-susreti"],"_links":{"self":[{"href":"https:\/\/www.bhkrf.se\/bs\/wp-json\/wp\/v2\/posts\/48827","targetHints":{"allow":["GET"]}}],"collection":[{"href":"https:\/\/www.bhkrf.se\/bs\/wp-json\/wp\/v2\/posts"}],"about":[{"href":"https:\/\/www.bhkrf.se\/bs\/wp-json\/wp\/v2\/types\/post"}],"author":[{"embeddable":true,"href":"https:\/\/www.bhkrf.se\/bs\/wp-json\/wp\/v2\/users\/11"}],"replies":[{"embeddable":true,"href":"https:\/\/www.bhkrf.se\/bs\/wp-json\/wp\/v2\/comments?post=48827"}],"version-history":[{"count":3,"href":"https:\/\/www.bhkrf.se\/bs\/wp-json\/wp\/v2\/posts\/48827\/revisions"}],"predecessor-version":[{"id":51748,"href":"https:\/\/www.bhkrf.se\/bs\/wp-json\/wp\/v2\/posts\/48827\/revisions\/51748"}],"wp:featuredmedia":[{"embeddable":true,"href":"https:\/\/www.bhkrf.se\/bs\/wp-json\/wp\/v2\/media\/48812"}],"wp:attachment":[{"href":"https:\/\/www.bhkrf.se\/bs\/wp-json\/wp\/v2\/media?parent=48827"}],"wp:term":[{"taxonomy":"category","embeddable":true,"href":"https:\/\/www.bhkrf.se\/bs\/wp-json\/wp\/v2\/categories?post=48827"},{"taxonomy":"post_tag","embeddable":true,"href":"https:\/\/www.bhkrf.se\/bs\/wp-json\/wp\/v2\/tags?post=48827"}],"curies":[{"name":"wp","href":"https:\/\/api.w.org\/{rel}","templated":true}]}}