{"id":48993,"date":"2019-02-20T14:34:41","date_gmt":"2019-02-20T13:34:41","guid":{"rendered":"http:\/\/www.bhkrf.se\/?p=48993"},"modified":"2019-02-20T14:34:41","modified_gmt":"2019-02-20T13:34:41","slug":"svecano-obiljezavanje-medunarodnog-dana-maternjeg-jezika","status":"publish","type":"post","link":"https:\/\/www.bhkrf.se\/bs\/2019\/02\/20\/svecano-obiljezavanje-medunarodnog-dana-maternjeg-jezika\/","title":{"rendered":"Sve\u010dano obilje\u017eavanje Me\u0111unarodnog dana maternjeg jezika"},"content":{"rendered":"<p>Udru\u017eenje \u017eena \u201dBiser\u201d Kristianstad u saradnji s Trezvenja\u010dkim obrazovnim savezom NBV (NBV Syd) organizuje sve\u010dano obilje\u017eavanje Me\u0111unarodnog dana maternjeg jezika 21. februara.<\/p>\n<div id=\"attachment_48982\" style=\"width: 524px\" class=\"wp-caption alignnone\"><img loading=\"lazy\" decoding=\"async\" aria-describedby=\"caption-attachment-48982\" src=\"http:\/\/www.bhkrf.se\/wp-content\/uploads\/2019\/02\/bhkrf-kristianstad-20190221-bs.jpg\" alt=\"Sve\u010dano obilje\u017eavanje Me\u0111unarodnog dana maternjeg jezika\" tITLE=\"Sve\u010dano obilje\u017eavanje Me\u0111unarodnog dana maternjeg jezika\" width=\"514\" height=\"727\" class=\"size-full wp-image-48982\" \/><p id=\"caption-attachment-48982\" class=\"wp-caption-text\">Sve\u010dano obilje\u017eavanje Me\u0111unarodnog dana maternjeg jezika<\/p><\/div>\n<p>Vrijeme: \u010detvrtak 21. februara 2019. u 18.00<\/p>\n<p>Mjesto: udru\u017eenje \u017eena \u201dBiser\u201d, <a href=\"https:\/\/www.google.com\/maps\/place\/%C3%96sterl%C3%A5nggatan+9B,+291+33+Kristianstad\/@56.0324133,14.1607664,17z\" rel=\"noopener\" target=\"_blank\" title=\"\u00d6sterl\u00e5nggatan 9B, 291 33 Kristianstad\">\u00d6sterl\u00e5nggatan 9B, 291 33 Kristianstad<\/a><\/p>\n<p>Kontakt: Edina Glava\u0161 | <a href=\"mailto:dina_glavas@live.se\" rel=\"noopener\" target=\"_blank\" title=\"E-post\">E-post<\/a> | <a href=\"tel:+46735840597\" title=\"MobiTEl\">073-584 05 97<\/a><\/p>\n","protected":false},"excerpt":{"rendered":"<p>Udru\u017eenje \u017eena \u201dBiser\u201d Kristianstad u saradnji s Trezvenja\u010dkim obrazovnim savezom NBV (NBV Syd) organizuje sve\u010dano obilje\u017eavanje Me\u0111unarodnog dana maternjeg jezika 21. februara. Vrijeme: \u010detvrtak 21. februara 2019. u 18.00 Mjesto: udru\u017eenje \u017eena \u201dBiser\u201d, \u00d6sterl\u00e5nggatan 9B, 291 33 Kristianstad Kontakt: Edina Glava\u0161 | E-post | 073-584 05 97<\/p>\n","protected":false},"author":11,"featured_media":48982,"comment_status":"open","ping_status":"closed","sticky":false,"template":"","format":"standard","meta":{"ngg_post_thumbnail":0,"_monsterinsights_skip_tracking":false,"footnotes":""},"categories":[28,25,3,194],"tags":[40,491,123,144,42],"class_list":["post-48993","post","type-post","status-publish","format-standard","has-post-thumbnail","hentry","category-demokratija","category-kultura-2","category-opste","category-trezvenjacki-pokret","tag-kultura","tag-maternji-jezik-i-visejezicnost","tag-nbv-bs","tag-praznici","tag-susreti"],"_links":{"self":[{"href":"https:\/\/www.bhkrf.se\/bs\/wp-json\/wp\/v2\/posts\/48993","targetHints":{"allow":["GET"]}}],"collection":[{"href":"https:\/\/www.bhkrf.se\/bs\/wp-json\/wp\/v2\/posts"}],"about":[{"href":"https:\/\/www.bhkrf.se\/bs\/wp-json\/wp\/v2\/types\/post"}],"author":[{"embeddable":true,"href":"https:\/\/www.bhkrf.se\/bs\/wp-json\/wp\/v2\/users\/11"}],"replies":[{"embeddable":true,"href":"https:\/\/www.bhkrf.se\/bs\/wp-json\/wp\/v2\/comments?post=48993"}],"version-history":[{"count":2,"href":"https:\/\/www.bhkrf.se\/bs\/wp-json\/wp\/v2\/posts\/48993\/revisions"}],"predecessor-version":[{"id":48995,"href":"https:\/\/www.bhkrf.se\/bs\/wp-json\/wp\/v2\/posts\/48993\/revisions\/48995"}],"wp:featuredmedia":[{"embeddable":true,"href":"https:\/\/www.bhkrf.se\/bs\/wp-json\/wp\/v2\/media\/48982"}],"wp:attachment":[{"href":"https:\/\/www.bhkrf.se\/bs\/wp-json\/wp\/v2\/media?parent=48993"}],"wp:term":[{"taxonomy":"category","embeddable":true,"href":"https:\/\/www.bhkrf.se\/bs\/wp-json\/wp\/v2\/categories?post=48993"},{"taxonomy":"post_tag","embeddable":true,"href":"https:\/\/www.bhkrf.se\/bs\/wp-json\/wp\/v2\/tags?post=48993"}],"curies":[{"name":"wp","href":"https:\/\/api.w.org\/{rel}","templated":true}]}}