{"id":55001,"date":"2020-11-24T15:01:05","date_gmt":"2020-11-24T14:01:05","guid":{"rendered":"http:\/\/www.bhkrf.se\/?p=55001"},"modified":"2021-01-16T09:27:13","modified_gmt":"2021-01-16T08:27:13","slug":"razgovor-s-nbv-om-o-zajednickim-aktivnostima-na-narodnom-obrazovanju-2021","status":"publish","type":"post","link":"https:\/\/www.bhkrf.se\/bs\/2020\/11\/24\/razgovor-s-nbv-om-o-zajednickim-aktivnostima-na-narodnom-obrazovanju-2021\/","title":{"rendered":"Razgovor s NBV-om o zajedni\u010dkim aktivnostima na narodnom obrazovanju 2021."},"content":{"rendered":"<p>Godina 2020. uop\u0161te nije bila godina koju je iko od nas planirao. Pandemija s kojom sada \u017eivimo uticala je da su sva na\u0161a planiranja i aktivnosti bili izuzetno pogo\u0111eni. Uspjeli smo dio aktivnosti obaviti digitalno, ali se veliki dio nije mogao provesti. Godina 2020. isku\u0161avala nas je i na druge na\u010dine. Pogodile su nas i prevare i neta\u010dnosti u na\u0161im aktivnostima.<\/p>\n<div id=\"attachment_54994\" style=\"width: 524px\" class=\"wp-caption alignnone\"><img loading=\"lazy\" decoding=\"async\" aria-describedby=\"caption-attachment-54994\" src=\"http:\/\/www.bhkrf.se\/wp-content\/uploads\/2020\/11\/video-conferencing.jpg\" alt=\"Videokonferencija\" title=\"Videokonferencija\" width=\"514\" height=\"312\" class=\"size-full wp-image-54995\" \/><p id=\"caption-attachment-54994\" class=\"wp-caption-text\">Videokonferencija<\/p><\/div>\n<p>Vrijeme: srijeda 9. decembra 2020, 19.00\u201321.00<\/p>\n<p>Mjesto: LifeSize 69 \u2013 St. Essingen Emilie R (VR)<\/p>\n<div class=\"naslov\">Link<\/div>\n<div class=\"divlista\">\n<ul class=\"lista\">\n<li><a href=\"https:\/\/call.lifesizecloud.com\/6998838\" rel=\"noopener noreferrer\" target=\"_blank\" title=\"https:\/\/call.lifesizecloud.com\/6998838\">https:\/\/call.lifesizecloud.com\/6998838<\/a><\/li>\n<\/ul>\n<\/div>\n<p><!--more--><\/p>\n<p>Nije pogo\u0111en samo na\u0161 obrazovni savez, ve\u0107 se trenutno, na\u017ealost, sve narodno obrazovanje s razli\u010ditih strana dovodi u pitanje. Savjet za narodno obrazovanje (Folkbildningsr\u00e5det) je zato izlo\u017een velikom pritisku jer se sistem kvaliteta i metode kontrole dovode u pitanje.<\/p>\n<p>Moramo razmotriti kako mo\u017eemo oplemeniti na\u0161u saradnju radi pove\u0107anja zajedni\u010dkih aktivnosti na narodnom obrazovanju na dr\u017eavnom, regionalnom i lokalnom nivou.<\/p>\n<div class=\"izbtekst\">Ispred <a href=\"https:\/\/www.nbv.se\/\" rel=\"noopener noreferrer\" target=\"_blank\" title=\"NBV\">NBV <\/a>-a u\u010destvuju rektor G\u00f6ran H\u00e4gerdal, pomo\u0107na rektorica Catharina Sandberg i strateg aktivnosti Stefan Lahall. <u> Ispred BH Saveza \u017eena u\u010destvuju \u010dlanovi Glavnog odbora.<\/u> <\/div>\n<div class=\"naslov\">Slike s programa<\/div>\n<div class=\"ngg-albumtop\">\n<div class=\"ngg-albumtitle\"><a href=\"https:\/\/www.bhkrf.se\/video-conference-2020-12-09\/\"     >Video conference, 2020-12-09<\/a><\/div>\n<div class=\"ngg-albumcontent\">\n<div class=\"ngg-thumbnail\">\n<a href=\"https:\/\/www.bhkrf.se\/video-conference-2020-12-09\/\"     ><img decoding=\"async\" class=\"Thumb\" alt=\"Video conference, 2020-12-09\" src=\"https:\/\/www.bhkrf.se\/wp-content\/gallery\/201209-videoconference\/cache\/nbv-20201209-001.jpg-nggid0519480-ngg0dyn-156x103x100-00f0w010c011r110f110r010t010.jpg\"\/><\/a>\n<\/div>\n<div class=\"ngg-description\">\nSamtal med NBV inf\u00f6r 2021 \u00e5rs gemensamma folkbildningsverksamhet \/\/ Razgovor s NBV-om o zajedni\u010dkim aktivnostima na narodnom obrazovanju 2021. \/\/ Foto: Haris Tucakovi\u0107<br \/>\n<strong>19<\/strong> slika\/e\n<\/div>\n<\/div>\n<\/div>\n<div class=\"sidan-uppd\">Stranica obnovljena: 2020-12-10<\/div>\n","protected":false},"excerpt":{"rendered":"<p>Godina 2020. uop\u0161te nije bila godina koju je iko od nas planirao. Pandemija s kojom sada \u017eivimo uticala je da su sva na\u0161a planiranja i aktivnosti bili izuzetno pogo\u0111eni. Uspjeli smo dio aktivnosti obaviti digitalno, ali se veliki dio nije mogao provesti. Godina 2020. isku\u0161avala nas je i na druge na\u010dine. Pogodile su nas i [&hellip;]<\/p>\n","protected":false},"author":11,"featured_media":54995,"comment_status":"closed","ping_status":"closed","sticky":false,"template":"","format":"standard","meta":{"ngg_post_thumbnail":0,"_monsterinsights_skip_tracking":false,"footnotes":""},"categories":[28,105,3,194],"tags":[695,123,42],"class_list":["post-55001","post","type-post","status-publish","format-standard","has-post-thumbnail","hentry","category-demokratija","category-konferencije-sjednice","category-opste","category-trezvenjacki-pokret","tag-narodno-obrazovanje","tag-nbv-bs","tag-susreti"],"_links":{"self":[{"href":"https:\/\/www.bhkrf.se\/bs\/wp-json\/wp\/v2\/posts\/55001","targetHints":{"allow":["GET"]}}],"collection":[{"href":"https:\/\/www.bhkrf.se\/bs\/wp-json\/wp\/v2\/posts"}],"about":[{"href":"https:\/\/www.bhkrf.se\/bs\/wp-json\/wp\/v2\/types\/post"}],"author":[{"embeddable":true,"href":"https:\/\/www.bhkrf.se\/bs\/wp-json\/wp\/v2\/users\/11"}],"replies":[{"embeddable":true,"href":"https:\/\/www.bhkrf.se\/bs\/wp-json\/wp\/v2\/comments?post=55001"}],"version-history":[{"count":9,"href":"https:\/\/www.bhkrf.se\/bs\/wp-json\/wp\/v2\/posts\/55001\/revisions"}],"predecessor-version":[{"id":55136,"href":"https:\/\/www.bhkrf.se\/bs\/wp-json\/wp\/v2\/posts\/55001\/revisions\/55136"}],"wp:featuredmedia":[{"embeddable":true,"href":"https:\/\/www.bhkrf.se\/bs\/wp-json\/wp\/v2\/media\/54995"}],"wp:attachment":[{"href":"https:\/\/www.bhkrf.se\/bs\/wp-json\/wp\/v2\/media?parent=55001"}],"wp:term":[{"taxonomy":"category","embeddable":true,"href":"https:\/\/www.bhkrf.se\/bs\/wp-json\/wp\/v2\/categories?post=55001"},{"taxonomy":"post_tag","embeddable":true,"href":"https:\/\/www.bhkrf.se\/bs\/wp-json\/wp\/v2\/tags?post=55001"}],"curies":[{"name":"wp","href":"https:\/\/api.w.org\/{rel}","templated":true}]}}