{"id":55020,"date":"2020-11-25T11:03:47","date_gmt":"2020-11-25T10:03:47","guid":{"rendered":"http:\/\/www.bhkrf.se\/?p=55020"},"modified":"2020-11-25T11:08:32","modified_gmt":"2020-11-25T10:08:32","slug":"literarno-dramski-performans-zubor-rijeci-o-zemlji","status":"publish","type":"post","link":"https:\/\/www.bhkrf.se\/bs\/2020\/11\/25\/literarno-dramski-performans-zubor-rijeci-o-zemlji\/","title":{"rendered":"Literarno-dramski performans \u201d\u017dubor rije\u010di o zemlji\u201d"},"content":{"rendered":"<p>Performans \u201d\u017dubor rije\u010di o zemlji\u201d nastao je povodom 25. novembra \u2013 Dana dr\u017eavnosti Bosne i Hercegovine u realizaciji \u010dlanova jezi\u010dko-novinarske sekcije \u201dPrve osnovne \u0161kole\u201d Donji Vakuf kao rezultat literarnog, novinarskog i jezi\u010dkog stvarala\u0161tva u\u010denika osmog razreda.<\/p>\n<p><iframe loading=\"lazy\" width=\"514\" height=\"289\" src=\"https:\/\/www.youtube.com\/embed\/LirnkYQoTj0\" frameborder=\"0\" allow=\"accelerometer; autoplay; clipboard-write; encrypted-media; gyroscope; picture-in-picture\" allowfullscreen><\/iframe><\/p>\n<p>Po rije\u010dima njihove nastavnice Vernese Manov njihova stvarala\u010dka energija, humanizam, inspiracije, trud, zalaganje i prijateljstvo zaslu\u017euju \u201dvjetar u le\u0111a\u201d i podr\u0161ku u njihovom odrastanju u osobe budu\u0107nosti. <!--more--><\/p>\n<p>Posebnu zahvalnost iskazuju svojim prijateljicama i prijateljima, divnim du\u0161ama iz \u0160vedske, BH Savezu \u017eena iz \u0160vedske i udru\u017eenju \u201d\u017dena\/Kvinna 99\u201d V\u00e4rnamo,  koji su im donirali  informati\u010dku opremu kojom je snimljen ovaj performans!<\/p>\n<div class=\"sidan-uppd\">Povezani linkovi: <a href=\"https:\/\/www.bhkrf.se\/bs\/2020\/11\/11\/vrijedna-donacija-iz-svedske-stigla-u-prvu-osnovnu-skolu-donji-vakuf\/\" title=\"Vrijedna donacija iz \u0160vedske stigla u \u201dPrvu osnovnu \u0161kolu\u201d Donji Vakuf\">Vrijedna donacija iz \u0160vedske stigla u \u201dPrvu osnovnu \u0161kolu\u201d Donji Vakuf<\/a> | <a href=\"https:\/\/www.bhkrf.se\/bs\/2020\/09\/16\/donirajte-novac-za-kupovinu-opreme-za-online-nastavu-u-bih\/\" title=\"Donirajte novac za kupovinu opreme za online nastavu u BiH!\" title=\"https:\/\/www.bhkrf.se\/2020\/11\/25\/litterar-dramatisk-forestallning-sorl-av-ord-om-landet\/\">Donirajte novac za kupovinu opreme za online nastavu u BiH!<\/a><\/div>\n","protected":false},"excerpt":{"rendered":"<p>Performans \u201d\u017dubor rije\u010di o zemlji\u201d nastao je povodom 25. novembra \u2013 Dana dr\u017eavnosti Bosne i Hercegovine u realizaciji \u010dlanova jezi\u010dko-novinarske sekcije \u201dPrve osnovne \u0161kole\u201d Donji Vakuf kao rezultat literarnog, novinarskog i jezi\u010dkog stvarala\u0161tva u\u010denika osmog razreda. Po rije\u010dima njihove nastavnice Vernese Manov njihova stvarala\u010dka energija, humanizam, inspiracije, trud, zalaganje i prijateljstvo zaslu\u017euju \u201dvjetar u le\u0111a\u201d [&hellip;]<\/p>\n","protected":false},"author":11,"featured_media":0,"comment_status":"open","ping_status":"closed","sticky":false,"template":"","format":"standard","meta":{"ngg_post_thumbnail":0,"_monsterinsights_skip_tracking":false,"footnotes":""},"categories":[33,135,3],"tags":[420,44,144],"class_list":["post-55020","post","type-post","status-publish","format-standard","hentry","category-humanitarna-pomoc","category-omladina-bs","category-opste","tag-bosna-i-hercegovina","tag-omladina","tag-praznici"],"_links":{"self":[{"href":"https:\/\/www.bhkrf.se\/bs\/wp-json\/wp\/v2\/posts\/55020","targetHints":{"allow":["GET"]}}],"collection":[{"href":"https:\/\/www.bhkrf.se\/bs\/wp-json\/wp\/v2\/posts"}],"about":[{"href":"https:\/\/www.bhkrf.se\/bs\/wp-json\/wp\/v2\/types\/post"}],"author":[{"embeddable":true,"href":"https:\/\/www.bhkrf.se\/bs\/wp-json\/wp\/v2\/users\/11"}],"replies":[{"embeddable":true,"href":"https:\/\/www.bhkrf.se\/bs\/wp-json\/wp\/v2\/comments?post=55020"}],"version-history":[{"count":8,"href":"https:\/\/www.bhkrf.se\/bs\/wp-json\/wp\/v2\/posts\/55020\/revisions"}],"predecessor-version":[{"id":55028,"href":"https:\/\/www.bhkrf.se\/bs\/wp-json\/wp\/v2\/posts\/55020\/revisions\/55028"}],"wp:attachment":[{"href":"https:\/\/www.bhkrf.se\/bs\/wp-json\/wp\/v2\/media?parent=55020"}],"wp:term":[{"taxonomy":"category","embeddable":true,"href":"https:\/\/www.bhkrf.se\/bs\/wp-json\/wp\/v2\/categories?post=55020"},{"taxonomy":"post_tag","embeddable":true,"href":"https:\/\/www.bhkrf.se\/bs\/wp-json\/wp\/v2\/tags?post=55020"}],"curies":[{"name":"wp","href":"https:\/\/api.w.org\/{rel}","templated":true}]}}