{"id":55928,"date":"2021-03-04T12:09:05","date_gmt":"2021-03-04T11:09:05","guid":{"rendered":"http:\/\/www.bhkrf.se\/?p=55928"},"modified":"2021-03-05T10:24:17","modified_gmt":"2021-03-05T09:24:17","slug":"zene-kojima-je-otkazana-podrska-naknadni-razgovor-8-marta","status":"publish","type":"post","link":"https:\/\/www.bhkrf.se\/bs\/2021\/03\/04\/zene-kojima-je-otkazana-podrska-naknadni-razgovor-8-marta\/","title":{"rendered":"\u017dene kojima je otkazana podr\u0161ka \u2013 naknadni razgovor 8. marta"},"content":{"rendered":"<p>Sada svi imaju priliku vidjeti hvaljene razgovore <a href=\"https:\/\/forumjamstalldhet.se\/\" rel=\"noopener\" target=\"_blank\" title=\"Forum J\u00e4mst\u00e4lldhets\">Foruma rodne ravnopravnosti<\/a> s Annom Kinberg Batra, Monom Sahlin, Ebbom Linds\u00f6 i Ann-Marie Begler!<\/p>\n<div id=\"attachment_55919\" style=\"width: 524px\" class=\"wp-caption alignnone\"><a href=\"http:\/\/www.bhkrf.se\/wp-content\/uploads\/2021\/03\/kvinnorna-som-klev-ut-i-kylan.jpg\" class=\"floatbox\" rev=\"group:55928 caption:`\u017dene kojima je otkazana podr\u0161ka`\"><img loading=\"lazy\" decoding=\"async\" aria-describedby=\"caption-attachment-55919\" src=\"http:\/\/www.bhkrf.se\/wp-content\/uploads\/2021\/03\/kvinnorna-som-klev-ut-i-kylan-514.jpg\" alt=\"\u017dene kojima je otkazana podr\u0161ka\" title=\"\u017dene kojima je otkazana podr\u0161ka\" width=\"514\" height=\"343\" class=\"size-full wp-image-55920\" srcset=\"https:\/\/www.bhkrf.se\/wp-content\/uploads\/2021\/03\/kvinnorna-som-klev-ut-i-kylan-514.jpg 514w, https:\/\/www.bhkrf.se\/wp-content\/uploads\/2021\/03\/kvinnorna-som-klev-ut-i-kylan-514-156x103.jpg 156w\" sizes=\"auto, (max-width: 514px) 100vw, 514px\" \/><\/a><p id=\"caption-attachment-55919\" class=\"wp-caption-text\">\u017dene kojima je otkazana podr\u0161ka<\/p><\/div>\n<p>Na Me\u0111unarodni dan \u017eena 8. marta u 15.00\u201315.45 na SVT2 se emituje seminar \u017dene kojima je otkazana podr\u0161ka. Zatim, u 15.45\u201316.15 slijedi razgovor s politikologinjom Jenny Madestam i generalnom tajnicom \u0161vedskog \u017eenskog lobija Clarom Berglund. Sudjelujte u komentarima, analizama i raspravi. <!--more--><\/p>\n<p>Naknadni razgovor s publikom dostupan je svima i emituje se putem Zooma, link \u0107e biti objavljen na web stranici <a href=\"https:\/\/forumjamstalldhet.se\/kvinnorna-som-klev-ut-i-kylan-eftersnack-pa-8-mars\/\" rel=\"noopener\" target=\"_blank\" title=\"Forum rodne ravnopravnosti\">Foruma rodne ravnopravnosti<\/a> i u doga\u0111aju, koji se mo\u017ee na\u0107i na <a href=\"https:\/\/www.facebook.com\/events\/1114283839071327\/\" rel=\"noopener\" target=\"_blank\" title=\"Facebook stranica Foruma rodne ravnopravnosti\">Facebook stranici Foruma rodne ravnopravnosti<\/a>.<\/p>\n<p>O seminaru koji se emituje na SVT2 na 8. marta, 15.00\u201315.45:<\/p>\n<div class=\"naslov\">\u017dene kojima je otkazana podr\u0161ka<\/div>\n<p>Nakon 100 godina prava glasa, \u0160vedska jo\u0161 uvijek nije imala \u017eenu za premijera. 90 posto izvr\u0161nih direktora velikih kompanija \u010dine mu\u0161karci. Da bi ispunili obaveze globalnih ciljeva o inkluzivnom rastu i politi\u010dkoj jednakosti, mo\u0107 mora biti preraspodijeljena. U ovom razgovoru susre\u0107u se \u010detiri \u017eene koje su do\u0161le sve do vrha, ali koje su bile prisiljene napustiti svoje zadatke. Za\u0161to se na \u017eene liderke o\u0161trije gleda? Kako organizacije koje prolaze kroz krize mogu biti bolje u pru\u017eanju podr\u0161ke \u017eenskom liderstvu?<\/p>\n<p>U\u010desnice:<\/p>\n<div class=\"divlista\">\n<ul class=\"lista\">\n<li>Mona Sahlin, biv\u0161a liderka stranke, Socijaldemokrati<\/li>\n<li>Anna Kinberg Batra, biv\u0161a liderka stranke, Konzervativci<\/li>\n<li>Ebba Linds\u00f6, poduzetnica, biv\u0161a izvr\u0161na direktorica, \u0160vedska privreda (N\u00e4ringsliv)<\/li>\n<li>Ann-Marie Begler, biv\u0161a generalna direktorica, Socijalno osiguranje<\/li>\n<li>Moderator: Amanda Lundeteg, izvr\u0161na direktorica, AllBright<\/li>\n<\/ul>\n<\/div>\n","protected":false},"excerpt":{"rendered":"<p>Sada svi imaju priliku vidjeti hvaljene razgovore Foruma rodne ravnopravnosti s Annom Kinberg Batra, Monom Sahlin, Ebbom Linds\u00f6 i Ann-Marie Begler! Na Me\u0111unarodni dan \u017eena 8. marta u 15.00\u201315.45 na SVT2 se emituje seminar \u017dene kojima je otkazana podr\u0161ka. Zatim, u 15.45\u201316.15 slijedi razgovor s politikologinjom Jenny Madestam i generalnom tajnicom \u0161vedskog \u017eenskog lobija Clarom [&hellip;]<\/p>\n","protected":false},"author":11,"featured_media":55917,"comment_status":"open","ping_status":"closed","sticky":false,"template":"","format":"standard","meta":{"ngg_post_thumbnail":0,"_monsterinsights_skip_tracking":false,"footnotes":""},"categories":[28,3,30],"tags":[260],"class_list":["post-55928","post","type-post","status-publish","format-standard","has-post-thumbnail","hentry","category-demokratija","category-opste","category-rodna-ravnopravnost","tag-rodna-ravnopravnost-bs"],"_links":{"self":[{"href":"https:\/\/www.bhkrf.se\/bs\/wp-json\/wp\/v2\/posts\/55928","targetHints":{"allow":["GET"]}}],"collection":[{"href":"https:\/\/www.bhkrf.se\/bs\/wp-json\/wp\/v2\/posts"}],"about":[{"href":"https:\/\/www.bhkrf.se\/bs\/wp-json\/wp\/v2\/types\/post"}],"author":[{"embeddable":true,"href":"https:\/\/www.bhkrf.se\/bs\/wp-json\/wp\/v2\/users\/11"}],"replies":[{"embeddable":true,"href":"https:\/\/www.bhkrf.se\/bs\/wp-json\/wp\/v2\/comments?post=55928"}],"version-history":[{"count":8,"href":"https:\/\/www.bhkrf.se\/bs\/wp-json\/wp\/v2\/posts\/55928\/revisions"}],"predecessor-version":[{"id":55936,"href":"https:\/\/www.bhkrf.se\/bs\/wp-json\/wp\/v2\/posts\/55928\/revisions\/55936"}],"wp:featuredmedia":[{"embeddable":true,"href":"https:\/\/www.bhkrf.se\/bs\/wp-json\/wp\/v2\/media\/55917"}],"wp:attachment":[{"href":"https:\/\/www.bhkrf.se\/bs\/wp-json\/wp\/v2\/media?parent=55928"}],"wp:term":[{"taxonomy":"category","embeddable":true,"href":"https:\/\/www.bhkrf.se\/bs\/wp-json\/wp\/v2\/categories?post=55928"},{"taxonomy":"post_tag","embeddable":true,"href":"https:\/\/www.bhkrf.se\/bs\/wp-json\/wp\/v2\/tags?post=55928"}],"curies":[{"name":"wp","href":"https:\/\/api.w.org\/{rel}","templated":true}]}}