{"id":59398,"date":"2022-08-26T12:06:27","date_gmt":"2022-08-26T11:06:27","guid":{"rendered":"https:\/\/www.bhkrf.se\/?p=59398"},"modified":"2022-10-25T14:06:37","modified_gmt":"2022-10-25T13:06:37","slug":"centralni-kulturni-program-bosanski-cilim","status":"publish","type":"post","link":"https:\/\/www.bhkrf.se\/bs\/2022\/08\/26\/centralni-kulturni-program-bosanski-cilim\/","title":{"rendered":"Centralni kulturni program \u201dBosanski \u0107ilim\u201d"},"content":{"rendered":"<p>Pri\u010da o bosanskoj \u0161ari po\u010dinje jo\u0161 u doba neolita, 5.000 g. stare ere, na Butmiru gdje su prona\u0111ene kamene kugle koje su pripadale prvim razbojima za tkanje. Od tada pa sve do danas, prate nas iste \u0161are, u svom nepromijenjenom obliku. Inspirisani \u0161arom bosanskog \u0107ilima, skupa s NBV-om, stvarali smo \u0107ilime u razli\u010ditim tehnikama. Svaki \u0107ilim ima svoju pri\u010du, poslu\u0161aj na\u0161u pri\u010du na Centralnom kulturnom programu.<\/p>\n<div id=\"attachment_59807\" style=\"width: 524px\" class=\"wp-caption alignnone\"><a href=\"http:\/\/www.bhkrf.se\/wp-content\/uploads\/2022\/10\/bhkrf-ckp_bs.jpg\" class=\"floatbox\" rev=\"group:59398 caption:`Centralni kulturni program \u201dBosanski \u0107ilim\u201d`\"><img loading=\"lazy\" decoding=\"async\" aria-describedby=\"caption-attachment-59807\" src=\"http:\/\/www.bhkrf.se\/wp-content\/uploads\/2022\/10\/bhkrf-ckp_bs-514.jpg\" alt=\"Centralni kulturni program \u201dBosanski \u0107ilim\u201d\" title=\"Centralni kulturni program \u201dBosanski \u0107ilim\u201d\" width=\"514\" height=\"727\" class=\"size-full wp-image-59807\" \/><\/a><p id=\"caption-attachment-59807\" class=\"wp-caption-text\">Centralni kulturni program \u201dBosanski \u0107ilim\u201d<\/p><\/div>\n<p>Datum: subota, 22. oktobra 2022.<\/p>\n<p>Mjesto: Sockerfabriken, Lokal Sockertoppen, <a href=\"https:\/\/www.google.com\/maps\/place\/Sockerbruksgatan+1,+531+40+Lidk%C3%B6ping\/@58.5046144,13.165759,17z\" rel=\"noopener\" target=\"_blank\" title=\"Sockerbruksgatan 1, 531 40 Lidk\u00f6ping\">Sockerbruksgatan 1, 531 40 Lidk\u00f6ping<\/a> <!--more--><\/p>\n<p>Program<\/p>\n<div class=\"divlista\">\n<ul class=\"lista\">\n<li>11.00\u201313.00 Registracija i ru\u010dak<\/li>\n<li>13.30 Dobrodo\u0161lica | Pjesmom kroz Bosnu i Hercegovinu, \u201d\u0110ulistan\u201d G\u00f6teborg | O \u0161ari bosanskog \u0107ilima, Vahida Mehinovi\u0107 | Pri\u010da mog \u0107ilima, udru\u017eenja predstavljaju svoje radove<\/li>\n<li>15.00 Obilazak izlo\u017ebe i kafa<\/li>\n<li>16.00 Progla\u0161enje najboljeg rada, Sabaheta Vehabovi\u0107 (NBV) | Pjesmom kroz Bosnu i Hercegovinu, \u201d\u0110ulistan\u201d G\u00f6teborg<\/li>\n<li>17.00\u201323.00 Muzi\u010dko-zabavni program uz Kona bend<\/li>\n<\/ul>\n<\/div>\n<p>Udru\u017eenjima koja su vodila studijske kru\u017eoke o bosanskom \u0107ilimu (najmanje 10 susreta) bi\u0107e ispla\u0107ena potpora za aktivnosti u iznosu 1. 000 kr. Ta udru\u017eenja trebaju dostaviti potvrdu: sliku ekrana (screenshot\/sk\u00e4rmbild) s elektronske registracije ili neku drugu potvrdu na <a href=\"mailto:info@bhkrf.se\" rel=\"noopener\" target=\"_blank\" title=\"info@bhkrf.se\">info@bhkrf.se<\/a>. Molimo sva ta udru\u017eenja da pripreme pri\u010du (digitalnu prezentaciju) o svom bosanskom \u0107ilimu u trajanju do 4 minute i dostave je do 15. oktobra na <a href=\"mailto:info@bhkrf.se\" rel=\"noopener\" target=\"_blank\" title=\"info@bhkrf.se\">info@bhkrf.se<\/a>. Te pri\u010de \u0107e se predstaviti na Centralnom kulturnom programu.<\/p>\n<p>Svako udru\u017eenje sekcija mo\u017ee imati do 10 predstavnika (2 vozila, dostaviti imena i mejlove predstavnika). Udru\u017eenjima koja putuju preko 3 sata \u0107e se platiti tro\u0161kovi spavanja u ku\u0107icama (stugama) u Kronocampingu u Lidk\u00f6pingu <a href=\"https:\/\/kronocamping.com\" rel=\"noopener\" target=\"_blank\" title=\"Kronocampingu u Lidk\u00f6pingu\">https:\/\/kronocamping.com<\/a> ili u nekom putni\u010dkom preno\u0107i\u0161tu (vandrarhem). Tro\u0161kove snosi BHKRF.<\/p>\n<p>Moderatorica<\/p>\n<div class=\"divlista\">\n<ul class=\"lista\">\n<li>Mirsada Zahirovi\u0107<\/li>\n<\/ul>\n<\/div>\n<p>Prijave<\/p>\n<div class=\"divlista\">\n<ul class=\"lista\">\n<li><strong>najkasnije 30. septembra<\/strong> Harisu Tucakovi\u0107u | <a href=\"mailto:info@bhkrf.se\" rel=\"noopener\" target=\"_blank\" title=\"info@bhkrf.se\">info@bhkrf.se<\/a> | <a href=\"tel:+46739408945\" title=\"Mobil\">073-940 89 45<\/a><\/li>\n<\/ul>\n<\/div>\n<p>Info<\/p>\n<div class=\"divlista\">\n<ul class=\"lista\">\n<li>Mirsada Zahirovi\u0107 | <a href=\"mailto:mirsada_z@hotmail.com\" rel=\"noopener\" target=\"_blank\" title=\"E-post\">mirsada_z@hotmail.com<\/a> | <a href=\"tel:+46707520947\" title=\"Mobitel\">070-752 09 47<\/a><\/li>\n<li>Sabaheta Vehabovi\u0107 | <a href=\"mailto:sabaheta.vehabovic@nbv.se\" rel=\"noopener\" target=\"_blank\" title=\"E-post\">sabaheta.vehabovic@nbv.se<\/a> | <a href=\"tel:+46702987141\" title=\"Mobitel\">070-298 71 41<\/a><\/li>\n<\/ul>\n<\/div>\n<div class=\"naslov\">Slike s programa<\/div>\n<div class=\"ngg-albumtop\">\n<div class=\"ngg-albumtitle\"><a href=\"https:\/\/www.bhkrf.se\/lidkoping-2022-10-22\/\"     >Lidk\u00f6ping, 2022-10-22<\/a><\/div>\n<div class=\"ngg-albumcontent\">\n<div class=\"ngg-thumbnail\">\n<a href=\"https:\/\/www.bhkrf.se\/lidkoping-2022-10-22\/\"     ><img decoding=\"async\" class=\"Thumb\" alt=\"Lidk\u00f6ping, 2022-10-22\" src=\"https:\/\/www.bhkrf.se\/wp-content\/gallery\/221022-lidkoping\/cache\/bhkrf-lidkoping-20221022-001.jpg-nggid0520214-ngg0dyn-156x103x100-00f0w010c011r110f110r010t010.jpg\"\/><\/a>\n<\/div>\n<div class=\"ngg-description\">\nCentrala kulturprogrammet \u201dBosnisk \u0107ilim\u201d \/\/ Centralni kulturni program \u201dBosanski \u0107ilim\u201d \/\/ Foto: Haris Tucakovi\u0107 &#038; Sabaheta Vehabovi\u0107<br \/>\n<strong>162<\/strong> slika\/e\n<\/div>\n<\/div>\n<\/div>\n<div class=\"sidan-uppd\">Povezani linkovi: <a href=\"https:\/\/www.bhkrf.se\/bs\/2022\/10\/11\/bosanski-cilim-radionica-s-amelom-isanovic-i-lutkom-dinom-za-djecu-i-roditelje\/\" title=\"\u201dBosanski \u0107ilim\u201d \u2013 Radionica s Amelom Isanovi\u0107 i lutkom Dinom za djecu i roditelje\">\u201dBosanski \u0107ilim\u201d \u2013 Radionica s Amelom Isanovi\u0107 i lutkom Dinom za djecu i roditelje<\/a><\/div>\n<div class=\"sidan-uppd\">Stranica obnovljena: 2022-10-25<\/div>\n","protected":false},"excerpt":{"rendered":"<p>Pri\u010da o bosanskoj \u0161ari po\u010dinje jo\u0161 u doba neolita, 5.000 g. stare ere, na Butmiru gdje su prona\u0111ene kamene kugle koje su pripadale prvim razbojima za tkanje. Od tada pa sve do danas, prate nas iste \u0161are, u svom nepromijenjenom obliku. Inspirisani \u0161arom bosanskog \u0107ilima, skupa s NBV-om, stvarali smo \u0107ilime u razli\u010ditim tehnikama. Svaki [&hellip;]<\/p>\n","protected":false},"author":11,"featured_media":59804,"comment_status":"closed","ping_status":"closed","sticky":false,"template":"","format":"standard","meta":{"ngg_post_thumbnail":0,"_monsterinsights_skip_tracking":false,"footnotes":""},"categories":[105,25,3,194],"tags":[],"class_list":["post-59398","post","type-post","status-publish","format-standard","has-post-thumbnail","hentry","category-konferencije-sjednice","category-kultura-2","category-opste","category-trezvenjacki-pokret"],"_links":{"self":[{"href":"https:\/\/www.bhkrf.se\/bs\/wp-json\/wp\/v2\/posts\/59398","targetHints":{"allow":["GET"]}}],"collection":[{"href":"https:\/\/www.bhkrf.se\/bs\/wp-json\/wp\/v2\/posts"}],"about":[{"href":"https:\/\/www.bhkrf.se\/bs\/wp-json\/wp\/v2\/types\/post"}],"author":[{"embeddable":true,"href":"https:\/\/www.bhkrf.se\/bs\/wp-json\/wp\/v2\/users\/11"}],"replies":[{"embeddable":true,"href":"https:\/\/www.bhkrf.se\/bs\/wp-json\/wp\/v2\/comments?post=59398"}],"version-history":[{"count":16,"href":"https:\/\/www.bhkrf.se\/bs\/wp-json\/wp\/v2\/posts\/59398\/revisions"}],"predecessor-version":[{"id":59988,"href":"https:\/\/www.bhkrf.se\/bs\/wp-json\/wp\/v2\/posts\/59398\/revisions\/59988"}],"wp:featuredmedia":[{"embeddable":true,"href":"https:\/\/www.bhkrf.se\/bs\/wp-json\/wp\/v2\/media\/59804"}],"wp:attachment":[{"href":"https:\/\/www.bhkrf.se\/bs\/wp-json\/wp\/v2\/media?parent=59398"}],"wp:term":[{"taxonomy":"category","embeddable":true,"href":"https:\/\/www.bhkrf.se\/bs\/wp-json\/wp\/v2\/categories?post=59398"},{"taxonomy":"post_tag","embeddable":true,"href":"https:\/\/www.bhkrf.se\/bs\/wp-json\/wp\/v2\/tags?post=59398"}],"curies":[{"name":"wp","href":"https:\/\/api.w.org\/{rel}","templated":true}]}}