{"id":63820,"date":"2026-05-31T08:44:10","date_gmt":"2026-05-31T07:44:10","guid":{"rendered":"https:\/\/www.bhkrf.se\/?p=63820"},"modified":"2026-06-01T08:33:24","modified_gmt":"2026-06-01T07:33:24","slug":"dokumentarni-film-mrak-nad-cajnicem","status":"publish","type":"post","link":"https:\/\/www.bhkrf.se\/bs\/2026\/05\/31\/dokumentarni-film-mrak-nad-cajnicem\/","title":{"rendered":"Dokumentarni film Mrak nad \u010cajni\u010dem"},"content":{"rendered":"<p>Svjedo\u010denje o zlostavljanju, masakru, etni\u010dkom \u010di\u0161\u0107enju i krivotvorenju istine nad nesrpskim stanovni\u0161tvom u \u010cajni\u010du i njegovoj borbi za opstanak.<\/p>\n<div id=\"attachment_63824\" style=\"width: 524px\" class=\"wp-caption alignnone\"><a href=\"http:\/\/www.bhkrf.se\/wp-content\/uploads\/2026\/05\/mrak-nad-cajnicem-2026-06-05.jpg\" class=\"floatbox\" rev=\"group:63820\"><img loading=\"lazy\" decoding=\"async\" aria-describedby=\"caption-attachment-63824\" src=\"http:\/\/www.bhkrf.se\/wp-content\/uploads\/2026\/05\/mrak-nad-cajnicem-2026-06-05-514.jpg\" alt=\"Dokumentarni film Mrak nad \u010cajni\u010dem\" width=\"514\" height=\"727\" class=\"size-full wp-image-63824\" \/><\/a><p id=\"caption-attachment-63824\" class=\"wp-caption-text\">Dokumentarni film Mrak nad \u010cajni\u010dem<\/p><\/div>\n<p>Vrijeme: petak, 5. juna 2026. u 17.30<br \/>\nMjesto: Stadsbibliotek, G\u00f6taplatsen 3, G\u00f6teborg <!--more--><\/p>\n<p>Gost: Avdo Heseinovi\u0107, re\u017eiser<\/p>\n<p>Organizatori: Trezvenja\u010dki obrazovni savez NBV, Savez bh. udru\u017eenja u \u0160vedskoj, Islamska zajednica Bo\u0161njaka u \u0160vedskoj, Bemuf, Bosanskohercegova\u010dki savez \u017eena u \u0160vedskoj i Bosanskohercegova\u010dko-\u0161vedski savez \u017eena u \u0160vedskoj<\/p>\n","protected":false},"excerpt":{"rendered":"<p>Svjedo\u010denje o zlostavljanju, masakru, etni\u010dkom \u010di\u0161\u0107enju i krivotvorenju istine nad nesrpskim stanovni\u0161tvom u \u010cajni\u010du i njegovoj borbi za opstanak. Vrijeme: petak, 5. juna 2026. u 17.30 Mjesto: Stadsbibliotek, G\u00f6taplatsen 3, G\u00f6teborg<\/p>\n","protected":false},"author":1,"featured_media":63824,"comment_status":"closed","ping_status":"closed","sticky":false,"template":"","format":"standard","meta":{"ngg_post_thumbnail":0,"_monsterinsights_skip_tracking":false,"footnotes":""},"categories":[28,25,3,194],"tags":[420,127],"class_list":["post-63820","post","type-post","status-publish","format-standard","has-post-thumbnail","hentry","category-demokratija","category-kultura-2","category-opste","category-trezvenjacki-pokret","tag-bosna-i-hercegovina","tag-umjetnost"],"_links":{"self":[{"href":"https:\/\/www.bhkrf.se\/bs\/wp-json\/wp\/v2\/posts\/63820","targetHints":{"allow":["GET"]}}],"collection":[{"href":"https:\/\/www.bhkrf.se\/bs\/wp-json\/wp\/v2\/posts"}],"about":[{"href":"https:\/\/www.bhkrf.se\/bs\/wp-json\/wp\/v2\/types\/post"}],"author":[{"embeddable":true,"href":"https:\/\/www.bhkrf.se\/bs\/wp-json\/wp\/v2\/users\/1"}],"replies":[{"embeddable":true,"href":"https:\/\/www.bhkrf.se\/bs\/wp-json\/wp\/v2\/comments?post=63820"}],"version-history":[{"count":3,"href":"https:\/\/www.bhkrf.se\/bs\/wp-json\/wp\/v2\/posts\/63820\/revisions"}],"predecessor-version":[{"id":63879,"href":"https:\/\/www.bhkrf.se\/bs\/wp-json\/wp\/v2\/posts\/63820\/revisions\/63879"}],"wp:featuredmedia":[{"embeddable":true,"href":"https:\/\/www.bhkrf.se\/bs\/wp-json\/wp\/v2\/media\/63824"}],"wp:attachment":[{"href":"https:\/\/www.bhkrf.se\/bs\/wp-json\/wp\/v2\/media?parent=63820"}],"wp:term":[{"taxonomy":"category","embeddable":true,"href":"https:\/\/www.bhkrf.se\/bs\/wp-json\/wp\/v2\/categories?post=63820"},{"taxonomy":"post_tag","embeddable":true,"href":"https:\/\/www.bhkrf.se\/bs\/wp-json\/wp\/v2\/tags?post=63820"}],"curies":[{"name":"wp","href":"https:\/\/api.w.org\/{rel}","templated":true}]}}