{"id":6570,"date":"2011-11-01T21:40:44","date_gmt":"2011-11-01T19:40:44","guid":{"rendered":"http:\/\/www.bhkrf.se\/?p=6570"},"modified":"2014-02-04T13:47:46","modified_gmt":"2014-02-04T11:47:46","slug":"i-zena-i-liderka-stranke-razgovor-o-strukturama-vlasti-u-svedskoj","status":"publish","type":"post","link":"https:\/\/www.bhkrf.se\/bs\/2011\/11\/01\/i-zena-i-liderka-stranke-razgovor-o-strukturama-vlasti-u-svedskoj\/","title":{"rendered":"I \u017eena i liderka stranke \u2013 razgovor o strukturama vlasti u \u0160vedskoj"},"content":{"rendered":"<div id=\"attachment_6566\" style=\"width: 524px\" class=\"wp-caption alignnone\"><img loading=\"lazy\" decoding=\"async\" aria-describedby=\"caption-attachment-6566\" src=\"http:\/\/www.bhkrf.se\/wp-content\/uploads\/2011\/11\/sahlin-wetterstrand-schyman.jpg\" alt=\"Mona Sahlin, Maria Wetterstrand i Gudrun Schyman\" title=\"Mona Sahlin, Maria Wetterstrand i Gudrun Schyman \" width=\"514\" height=\"320\" class=\"size-full wp-image-6566\" \/><p id=\"caption-attachment-6566\" class=\"wp-caption-text\">Mona Sahlin, Maria Wetterstrand i Gudrun Schyman <\/p><\/div>\n<p>Mona Sahlin, Maria Wetterstrand i Gudrun Schyman u\u010destvuju u Maurskom paviljonu (<a href=\"http:\/\/www.malmofolketspark.se\/nojen\/moriskan\/\" title=\"Moriskan\" target=\"_blank\">Moriskan<\/a>), Malm\u00f6, u razgovoru o strukturama vlasti u \u0160vedskoj.<\/p>\n<p>Me\u0111u najmo\u0107nijim \u017eenama u \u0160vedskoj si\u0161le su s liderskih pozicija i stoje spremne za susret s novim izazovima. <!--more--><\/p>\n<p>Nakon njihovog uspjeha u Rivalu u Stockholmu, <a href=\"http:\/\/fimalmo.wordpress.com\/\" title=\"F! Malm\u00f6\" target=\"_blank\">F! Malm\u00f6<\/a> sada ima \u010dast predstaviti Monu Sahlin, Mariu Wetterstrand i Gudrun Schyman u Maurskom paviljonu (<a href=\"http:\/\/www.malmofolketspark.se\/nojen\/moriskan\/\" title=\"Moriskan\" target=\"_blank\">Moriskan<\/a>) radi nove diskusije o modelima vlasti u \u0160vedskoj.<\/p>\n<p>Razgovor vodi Heidi Avellan, glavna politi\u010dka urednica lista <a href=\"http:\/\/www.sydsvenskan.se\/\" title=\"Sydsvenskan\" target=\"_blank\">Sydsvenskan<\/a>.<\/p>\n<p>Do\u0111ite i u\u017eivajte u jedinstvenom i uzbudljivom razgovoru o mo\u0107i i polu u \u0160vedskoj. \u010cujte \u0161ta tri vode\u0107e \u0161vedske politi\u010darke imaju re\u0107i o tome \u0161ta se zaista dogodilo iza politi\u010dkih kulisa. Radujemo se Va\u0161em dolasku!<\/p>\n<p>Gdje: <a href=\"http:\/\/www.malmofolketspark.se\/nojen\/moriskan\/\" title=\"Moriskan, Folketspark\" target=\"_blank\">Moriskan, Folketspark<\/a>, Malm\u00f6.<br \/>\nKada: Ponedjeljak 14. novembra 2011., ulaz u 19.00, razgovor po\u010dinje u 19.30<br \/>\nUlaz: 60 kr (40 kr za studente i penzionere).<\/p>\n<p><a href=\"http:\/\/www.feministisktinitiativ.se\/\" title=\"Feministi\u010dka inicijativa\" target=\"_blank\">Feministi\u010dka inicijativa<\/a> Vas toplo do\u010dekuje!<\/p>\n<div class=\"alt-lang\">Povezani linkovi: <a href=\"http:\/\/fimalmo.wordpress.com\/2011\/10\/27\/kvinna-och-partiledare-%E2%80%93-ett-samtal-om-maktens-strukturer-i-sverige\/\" title=\"F! Malm\u00f6: Kvinna och partiledare \u2013 ett samtal om maktens strukturer i Sverige\" target=\"_blank\">F! Malm\u00f6: Kvinna och partiledare \u2013 ett samtal om maktens strukturer i Sverige<\/a><\/div>\n","protected":false},"excerpt":{"rendered":"<p>Malm\u00f6 | 14. novembra 2011. u 19.00 | Mona Sahlin, Maria Wetterstrand i Gudrun Schyman u\u010destvuju u Maurskom paviljonu (Moriskan), Malm\u00f6, u razgovoru o strukturama vlasti u \u0160vedskoj<\/p>\n","protected":false},"author":11,"featured_media":6566,"comment_status":"open","ping_status":"open","sticky":false,"template":"","format":"standard","meta":{"ngg_post_thumbnail":0,"_monsterinsights_skip_tracking":false,"footnotes":""},"categories":[28,105,3,30],"tags":[47,147,260,42],"class_list":["post-6570","post","type-post","status-publish","format-standard","has-post-thumbnail","hentry","category-demokratija","category-konferencije-sjednice","category-opste","category-rodna-ravnopravnost","tag-konferencije","tag-multikulturalnost","tag-rodna-ravnopravnost-bs","tag-susreti"],"_links":{"self":[{"href":"https:\/\/www.bhkrf.se\/bs\/wp-json\/wp\/v2\/posts\/6570","targetHints":{"allow":["GET"]}}],"collection":[{"href":"https:\/\/www.bhkrf.se\/bs\/wp-json\/wp\/v2\/posts"}],"about":[{"href":"https:\/\/www.bhkrf.se\/bs\/wp-json\/wp\/v2\/types\/post"}],"author":[{"embeddable":true,"href":"https:\/\/www.bhkrf.se\/bs\/wp-json\/wp\/v2\/users\/11"}],"replies":[{"embeddable":true,"href":"https:\/\/www.bhkrf.se\/bs\/wp-json\/wp\/v2\/comments?post=6570"}],"version-history":[{"count":3,"href":"https:\/\/www.bhkrf.se\/bs\/wp-json\/wp\/v2\/posts\/6570\/revisions"}],"predecessor-version":[{"id":12502,"href":"https:\/\/www.bhkrf.se\/bs\/wp-json\/wp\/v2\/posts\/6570\/revisions\/12502"}],"wp:featuredmedia":[{"embeddable":true,"href":"https:\/\/www.bhkrf.se\/bs\/wp-json\/wp\/v2\/media\/6566"}],"wp:attachment":[{"href":"https:\/\/www.bhkrf.se\/bs\/wp-json\/wp\/v2\/media?parent=6570"}],"wp:term":[{"taxonomy":"category","embeddable":true,"href":"https:\/\/www.bhkrf.se\/bs\/wp-json\/wp\/v2\/categories?post=6570"},{"taxonomy":"post_tag","embeddable":true,"href":"https:\/\/www.bhkrf.se\/bs\/wp-json\/wp\/v2\/tags?post=6570"}],"curies":[{"name":"wp","href":"https:\/\/api.w.org\/{rel}","templated":true}]}}