{"id":6601,"date":"2011-11-03T14:37:22","date_gmt":"2011-11-03T12:37:22","guid":{"rendered":"http:\/\/www.bhkrf.se\/?p=6601"},"modified":"2011-12-02T14:10:42","modified_gmt":"2011-12-02T12:10:42","slug":"centralna-proslava-dana-drzavnosti-bosne-i-hercegovine-2011","status":"publish","type":"post","link":"https:\/\/www.bhkrf.se\/bs\/2011\/11\/03\/centralna-proslava-dana-drzavnosti-bosne-i-hercegovine-2011\/","title":{"rendered":"Centralna proslava Dana dr\u017eavnosti Bosne i Hercegovine 2011."},"content":{"rendered":"<div class=\"dandrzbs\">&nbsp;<\/div>\n<div class=\"izvoric\">Centralna proslava Dana dr\u017eavnosti Bosne i Hercegovine 2011.<br \/>i \u201dIsti korijeni\u201d \u2013 Centralna kulturna manifestacija BHKRF<\/div>\n<p>Gdje: Kulturhuset, Frejasalen, Tr\u00e4dg\u00e5rdsgatan 9, Sk\u00f6vde<br \/>\nKad: subota 26. novembra 2011. <!--more--><\/p>\n<p>Program:<\/p>\n<div class=\"divlista\">\n<ul class=\"lista\">\n<li>11.30 \u2013 Dolazak i ru\u010dak<\/li>\n<li>13.00 \u2013 Izlo\u017eba slika<\/li>\n<li>14.00 \u2013 Sve\u010dana akademija povodom Dana dr\u017eavnosti BiH<\/li>\n<li>15.15 \u2013 \u201d20 godina Behara\u201d, kratki film<\/li>\n<li>16.00 \u2013 \u201dIsti korijeni\u201d \u2013 Centralna kulturna manifestacija BHKRF<\/li>\n<li>17.30 \u2013 Zabavni program (\u201dZlatne strune\u201d)<\/li>\n<\/ul>\n<\/div>\n<p>Organizator:<\/p>\n<div class=\"divlista\">\n<ul class=\"lista\">\n<li>BHKRF \u2013 Bosanskohercegova\u010dki savez \u017eena u \u0160vedskoj<\/li>\n<\/ul>\n<\/div>\n<p>u saradnji sa:<\/p>\n<div class=\"divlista\">\n<ul class=\"lista\">\n<li>BHRF \u2013 Savez bosanskohercegova\u010dkih udru\u017eenja u \u0160vedskoj<\/li>\n<li>BSKF \u2013 Bosansko-\u0161vedski savez \u017eena u \u0160vedskoj<\/li>\n<li>BHUF \u2013 Bosanskohercegova\u010dki savez omladine u \u0160vedskoj<\/li>\n<li>BIS \u2013 Islamska zajednica Bo\u0161njaka u \u0160vedskoj<\/li>\n<li>BeMUF \u2013 Muslimanski omladinski savez u \u0160vedskoj<\/li>\n<li>RFBL \u2013 Savez Banjalu\u010dana u \u0160vedskoj<\/li>\n<li>Savez logora\u0161a Bosne i Hercegovine u \u0160vedskoj<\/li>\n<li>Merhamet MDD u \u0160vedskoj<\/li>\n<li>NBV \u2013 Trezvenja\u010dki obrazovni savez<\/li>\n<\/ul>\n<\/div>\n<div id=\"attachment_6682\" style=\"width: 524px\" class=\"wp-caption alignnone\"><img loading=\"lazy\" decoding=\"async\" aria-describedby=\"caption-attachment-6682\" src=\"http:\/\/www.bhkrf.se\/wp-content\/uploads\/2011\/11\/zlatne-strune.jpg\" alt=\"Zlatne strune\/Guldstr\u00e4ngar\" title=\"Zlatne strune\/Guldstr\u00e4ngar\" width=\"514\" height=\"500\" class=\"size-full wp-image-6682\" \/><p id=\"caption-attachment-6682\" class=\"wp-caption-text\">Zlatne strune\/Guldstr\u00e4ngar<\/p><\/div>\n<div class=\"alt-lang\">Stranica obnovljena: 2011-12-02<\/div>\n<div class=\"alt-lang\">Povezani linkovi: <a href=\"https:\/\/www.bhkrf.se\/bs\/2011\/12\/02\/praznik-ispunjen-pjesmom-i-igrom\/\" title=\"Praznik ispunjen pjesmom i igrom\">Praznik ispunjen pjesmom i igrom<\/a><\/div>\n","protected":false},"excerpt":{"rendered":"<p>Sk\u00f6vde | 26. novembra 2011. od 13.00 | Izlo\u017eba slika | Sve\u010dana akademija povodom Dana dr\u017eavnosti BiH | \u201d20 godina Behara\u201d, kratki film | \u201dIsti korijeni\u201d \u2013 Centralna kulturna manifestacija BHKRF | Zabavni program (\u201dZlatne strune\u201d)<\/p>\n","protected":false},"author":11,"featured_media":6682,"comment_status":"open","ping_status":"open","sticky":false,"template":"","format":"standard","meta":{"ngg_post_thumbnail":0,"_monsterinsights_skip_tracking":false,"footnotes":""},"categories":[28,105,25,135,3,194],"tags":[420,123,44,144,42],"class_list":["post-6601","post","type-post","status-publish","format-standard","has-post-thumbnail","hentry","category-demokratija","category-konferencije-sjednice","category-kultura-2","category-omladina-bs","category-opste","category-trezvenjacki-pokret","tag-bosna-i-hercegovina","tag-nbv-bs","tag-omladina","tag-praznici","tag-susreti"],"_links":{"self":[{"href":"https:\/\/www.bhkrf.se\/bs\/wp-json\/wp\/v2\/posts\/6601","targetHints":{"allow":["GET"]}}],"collection":[{"href":"https:\/\/www.bhkrf.se\/bs\/wp-json\/wp\/v2\/posts"}],"about":[{"href":"https:\/\/www.bhkrf.se\/bs\/wp-json\/wp\/v2\/types\/post"}],"author":[{"embeddable":true,"href":"https:\/\/www.bhkrf.se\/bs\/wp-json\/wp\/v2\/users\/11"}],"replies":[{"embeddable":true,"href":"https:\/\/www.bhkrf.se\/bs\/wp-json\/wp\/v2\/comments?post=6601"}],"version-history":[{"count":3,"href":"https:\/\/www.bhkrf.se\/bs\/wp-json\/wp\/v2\/posts\/6601\/revisions"}],"predecessor-version":[{"id":6679,"href":"https:\/\/www.bhkrf.se\/bs\/wp-json\/wp\/v2\/posts\/6601\/revisions\/6679"}],"wp:featuredmedia":[{"embeddable":true,"href":"https:\/\/www.bhkrf.se\/bs\/wp-json\/wp\/v2\/media\/6682"}],"wp:attachment":[{"href":"https:\/\/www.bhkrf.se\/bs\/wp-json\/wp\/v2\/media?parent=6601"}],"wp:term":[{"taxonomy":"category","embeddable":true,"href":"https:\/\/www.bhkrf.se\/bs\/wp-json\/wp\/v2\/categories?post=6601"},{"taxonomy":"post_tag","embeddable":true,"href":"https:\/\/www.bhkrf.se\/bs\/wp-json\/wp\/v2\/tags?post=6601"}],"curies":[{"name":"wp","href":"https:\/\/api.w.org\/{rel}","templated":true}]}}