{"id":7548,"date":"2012-03-07T22:57:32","date_gmt":"2012-03-07T20:57:32","guid":{"rendered":"http:\/\/www.bhkrf.se\/?p=7548"},"modified":"2014-02-04T13:11:27","modified_gmt":"2014-02-04T11:11:27","slug":"jednake-plate-za-jednak-rad","status":"publish","type":"post","link":"https:\/\/www.bhkrf.se\/bs\/2012\/03\/07\/jednake-plate-za-jednak-rad\/","title":{"rendered":"Jednake plate za jednak rad"},"content":{"rendered":"<div id=\"attachment_7544\" style=\"width: 524px\" class=\"wp-caption alignnone\"><img loading=\"lazy\" decoding=\"async\" aria-describedby=\"caption-attachment-7544\" src=\"http:\/\/www.bhkrf.se\/wp-content\/uploads\/2012\/03\/bosna-kalmar-dan-zena-2012.jpg\" alt=\"Jednake plate za jednak rad\" title=\"Jednake plate za jednak rad\" width=\"514\" height=\"363\" class=\"size-full wp-image-7544\" \/><p id=\"caption-attachment-7544\" class=\"wp-caption-text\">Jednake plate za jednak rad<\/p><\/div>\n<p>Bosanskohercegova\u010dko udru\u017eenje \u201dBosna\u201d Kalmar vas poziva na proslavu Me\u0111unarodnog Dana \u017eena.<\/p>\n<p>Datum i vrijeme: 9. marta 2012. u 19.00 <!--more--><\/p>\n<p>Mjesto: Udru\u017eenje \u201dBosna\u201d, Tv\u00e5 Br\u00f6ders V\u00e4g 35, Kalmar<\/p>\n<p>Program<\/p>\n<div class=\"divlista\">\n<ul class=\"lista\">\n<li>Predavanje \u2013 Suzana Sjani\u0107<\/li>\n<li>Proslava Me\u0111unarodnog dana \u017eena<\/li>\n<\/ul>\n<\/div>\n<p>Kontakt: Jasna Peri\u0107 | <a href=\"mailto:jasna@bihsavezzena.com\" title=\"E-post\">E-post<\/a> | <a href=\"tel:+46739408947\" title=\"Mobitel\">073-940 89 47<\/a><\/p>\n<p>Organizatori: \u201dBosna\u201d Kalmar &#038; <a href=\"http:\/\/www.nbv.se\/sydost\" title=\"NBV Sydost\" target=\"_blank\">NBV Sydost<\/a><\/p>\n<p>Dobro do\u0161li!<\/p>\n","protected":false},"excerpt":{"rendered":"<p>Kalmar | 9. marta 2012 u 19.00 | Predavanje \u2013 Suzana Sjani\u0107 | Proslava Me\u0111unarodnog dana \u017eena<\/p>\n","protected":false},"author":11,"featured_media":7544,"comment_status":"open","ping_status":"open","sticky":false,"template":"","format":"standard","meta":{"ngg_post_thumbnail":0,"_monsterinsights_skip_tracking":false,"footnotes":""},"categories":[3,30,194],"tags":[40,147,123,144,260],"class_list":["post-7548","post","type-post","status-publish","format-standard","has-post-thumbnail","hentry","category-opste","category-rodna-ravnopravnost","category-trezvenjacki-pokret","tag-kultura","tag-multikulturalnost","tag-nbv-bs","tag-praznici","tag-rodna-ravnopravnost-bs"],"_links":{"self":[{"href":"https:\/\/www.bhkrf.se\/bs\/wp-json\/wp\/v2\/posts\/7548","targetHints":{"allow":["GET"]}}],"collection":[{"href":"https:\/\/www.bhkrf.se\/bs\/wp-json\/wp\/v2\/posts"}],"about":[{"href":"https:\/\/www.bhkrf.se\/bs\/wp-json\/wp\/v2\/types\/post"}],"author":[{"embeddable":true,"href":"https:\/\/www.bhkrf.se\/bs\/wp-json\/wp\/v2\/users\/11"}],"replies":[{"embeddable":true,"href":"https:\/\/www.bhkrf.se\/bs\/wp-json\/wp\/v2\/comments?post=7548"}],"version-history":[{"count":3,"href":"https:\/\/www.bhkrf.se\/bs\/wp-json\/wp\/v2\/posts\/7548\/revisions"}],"predecessor-version":[{"id":12487,"href":"https:\/\/www.bhkrf.se\/bs\/wp-json\/wp\/v2\/posts\/7548\/revisions\/12487"}],"wp:featuredmedia":[{"embeddable":true,"href":"https:\/\/www.bhkrf.se\/bs\/wp-json\/wp\/v2\/media\/7544"}],"wp:attachment":[{"href":"https:\/\/www.bhkrf.se\/bs\/wp-json\/wp\/v2\/media?parent=7548"}],"wp:term":[{"taxonomy":"category","embeddable":true,"href":"https:\/\/www.bhkrf.se\/bs\/wp-json\/wp\/v2\/categories?post=7548"},{"taxonomy":"post_tag","embeddable":true,"href":"https:\/\/www.bhkrf.se\/bs\/wp-json\/wp\/v2\/tags?post=7548"}],"curies":[{"name":"wp","href":"https:\/\/api.w.org\/{rel}","templated":true}]}}