{"id":8219,"date":"2012-04-16T10:56:39","date_gmt":"2012-04-16T08:56:39","guid":{"rendered":"http:\/\/www.bhkrf.se\/?p=8219"},"modified":"2014-02-04T12:58:34","modified_gmt":"2014-02-04T10:58:34","slug":"konferencija-musko-nasilje-nad-zenama","status":"publish","type":"post","link":"https:\/\/www.bhkrf.se\/bs\/2012\/04\/16\/konferencija-musko-nasilje-nad-zenama\/","title":{"rendered":"Konferencija Mu\u0161ko nasilje nad \u017eenama"},"content":{"rendered":"<div id=\"attachment_8214\" style=\"width: 524px\" class=\"wp-caption alignnone\"><a href=\"http:\/\/www.bhkrf.se\/wp-content\/uploads\/2012\/04\/bhkrf-konferencija-musko-nasilje-nad-zenama.jpg\" class=\"floatbox\" rev=\"group:8219 caption:`Konferencija Mu\u0161ko nasilje nad \u017eenama`\"><img loading=\"lazy\" decoding=\"async\" aria-describedby=\"caption-attachment-8214\" src=\"http:\/\/www.bhkrf.se\/wp-content\/uploads\/2012\/04\/bhkrf-konferencija-musko-nasilje-nad-zenama-514.jpg\" alt=\"Konferencija Mu\u0161ko nasilje nad \u017eenama\" title=\"Konferencija Mu\u0161ko nasilje nad \u017eenama\" width=\"514\" height=\"363\" class=\"size-full wp-image-8214\" \/><\/a><p id=\"caption-attachment-8214\" class=\"wp-caption-text\">Konferencija Mu\u0161ko nasilje nad \u017eenama (pove\u0107aj sliku)<\/p><\/div>\n<p>Bosanskohercegova\u010dki savez \u017eena u \u0160vedskoj u saradnji sa <a href=\"http:\/\/www.nbv.se\/vast\" title=\"NBV V\u00e4st\" target=\"_blank\">NBV V\u00e4st<\/a> organizuje konferenciju \u201dMu\u0161ko nasilje nad \u017eenama\u201d u vezi projekta <a href=\"https:\/\/www.bhkrf.se\/bs\/projekti\/svjetlost-u-tunelu\/\" title=\"Svjetlost u tunelu \u2013 \u017eene protiv nasilja\">Svjetlost u tunelu \u2013 \u017eene protiv nasilja<\/a>.<\/p>\n<p>Projekt provodi BH Savez \u017eena u \u0160vedskoj uz potporu Uprave za omladinska pitanja \u2013 Organizovanje \u017eena (<a href=\"http:\/\/www.ungdomsstyrelsen.se\/\" onclick=\"javascript:_gaq.push(['_trackPageview','\/yoast-ga\/outbound-article\/http:\/\/www.ungdomsstyrelsen.se\/']);\" title=\"Ungdomsstyrelsen\" target=\"_blank\">Ungdomsstyrelsen<\/a> \u2013 <a href=\"http:\/\/www.ungdomsstyrelsen.se\/kat\/0,2070,1869,00.html\" onclick=\"javascript:_gaq.push(['_trackPageview','\/yoast-ga\/outbound-article\/http:\/\/www.ungdomsstyrelsen.se\/kat\/0,2070,1869,00.html']);\" title=\"Kvinnors organisering\" target=\"_blank\">Kvinnors organisering<\/a>) i Trezvenja\u010dkog obrazovnog saveza NBV (<a href=\"http:\/\/www.nbv.se\/\" onclick=\"javascript:_gaq.push(['_trackPageview','\/yoast-ga\/outbound-article\/http:\/\/www.nbv.se\/']);\" title=\"Nykterhetsr\u00f6relsens bildningsverksamhet NBV\" target=\"_blank\">Nykterhetsr\u00f6relsens bildningsverksamhet NBV<\/a>). <!--more--><\/p>\n<p>Datum: subota 5. maja 2012.<\/p>\n<p>Mjesto: <a href=\"http:\/\/www.helliden.se\" title=\"Hellidens Folkh\u00f6gskola, Tidaholm\" target=\"_blank\">Hellidens Folkh\u00f6gskola, Tidaholm<\/a><\/p>\n<p>Program<\/p>\n<div class=\"divlista\">\n<ul class=\"lista\">\n<li>11.00\u201312.00 Registracija, u\u017eina<\/li>\n<li>12.00\u201312.10 Dobrodo\u0161lica, Senada Be\u0161i\u0107 (predsjednica BHKRF); kratak prikaz projekta, Azra Muranovi\u0107 (moderator)<\/li>\n<li>12.10\u201313.10 Rad protiv nasilja u bliskoj vezi, Monica Johansson i Jennie Malm Georgsson (<a href=\"http:\/\/www.utvag.se\/\" title=\"Utv\u00e4g Skaraborg\" target=\"_blank\">Utv\u00e4g Skaraborg<\/a>)<\/li>\n<li>13.10\u201313.20 Odmor<\/li>\n<li>13.20\u201314.00 Rad policije s ugro\u017eenim i zlostavljanim \u017eenama, Christer Andersson (<a href=\"http:\/\/www.ostraskaraborg.boj.se\/\" title=\"Brottsofferjouren i \u00d6stra Skaraborg\" target=\"_blank\">Brottsofferjouren i \u00d6stra Skaraborg<\/a>, <a href=\"http:\/\/www.polisen.se\/\" title=\"Policija\" target=\"_blank\">Policija<\/a>)<\/li>\n<li>14.00\u201315.00 Ru\u010dak<\/li>\n<li>15.00\u201315.40 Nasilje nad \u017eenama nema ni vjeru ni naciju, organizacije \u017eena u dana\u0161njoj Bosni i Hercegovini i njihova zajedni\u010dka borba protiv nasilja nad \u017eenama, Josefine Arlesten (<a href=\"http:\/\/www.klkvard.se\/\" title=\"V\u00e4ster\u00e5s Fria Gymnasium\" target=\"_blank\">V\u00e4ster\u00e5s Fria Gymnasium<\/a>)<\/li>\n<li>15.50\u201316.00 Odmor<\/li>\n<li>15.50\u201316.00 Podjela u grupe, raspore\u0111ivanje i izbor predstavnika grupa<\/li>\n<li>16.00\u201316.30 Grupna diskusija, u\u017eina<\/li>\n<li>16.30\u201317.15 Predstavljanje grupnih diskusija<\/li>\n<li>17.15\u201317.30 Sa\u017eetak i zatvaranje<\/li>\n<\/ul>\n<\/div>\n<div id=\"attachment_8236\" style=\"width: 524px\" class=\"wp-caption alignnone\"><a href=\"http:\/\/www.bhkrf.se\/wp-content\/uploads\/2012\/04\/bhkrf-konferencija-musko-nasilje-nad-zenama-2.jpg\" class=\"floatbox\" rev=\"group:8219 caption:`Konferencija Mu\u0161ko nasilje nad \u017eenama`\"><img loading=\"lazy\" decoding=\"async\" aria-describedby=\"caption-attachment-8236\" src=\"http:\/\/www.bhkrf.se\/wp-content\/uploads\/2012\/04\/bhkrf-konferencija-musko-nasilje-nad-zenama-2-514.jpg\" alt=\"Konferencija Mu\u0161ko nasilje nad \u017eenama\" title=\"Konferencija Mu\u0161ko nasilje nad \u017eenama\" width=\"514\" height=\"363\" class=\"size-full wp-image-8236\" \/><\/a><p id=\"caption-attachment-8236\" class=\"wp-caption-text\">Konferencija Mu\u0161ko nasilje nad \u017eenama (pove\u0107aj sliku)<\/p><\/div>\n<p><a href=\"https:\/\/www.bhkrf.se\/bs\/2012\/04\/19\/prijava-za-konferenciju-musko-nasilje-nad-zenama\/\" title=\"Prijava za konferenciju\">Prijava za konferenciju<\/a><\/p>\n<div class=\"alt-lang\">Stranica obnovljena: 2012-05-04<\/div>\n","protected":false},"excerpt":{"rendered":"<p>Tidaholm | 5. maja 2012. | Rad protiv nasilja u bliskoj vezi, Monica Johansson i Jennie Malm Georgsson | Rad policije s ugro\u017eenim i zlostavljanim \u017eenama, Christer Andersson | Nasilje i stres \u2013 uticaj na tijelo i du\u0161u, Amira \u010cehi\u0107 <\/p>\n","protected":false},"author":11,"featured_media":8214,"comment_status":"open","ping_status":"open","sticky":false,"template":"","format":"standard","meta":{"ngg_post_thumbnail":0,"_monsterinsights_skip_tracking":false,"footnotes":""},"categories":[28,105,3,115,30,194],"tags":[47,170,123,260],"class_list":["post-8219","post","type-post","status-publish","format-standard","has-post-thumbnail","hentry","category-demokratija","category-konferencije-sjednice","category-opste","category-projekti","category-rodna-ravnopravnost","category-trezvenjacki-pokret","tag-konferencije","tag-nasilje-nad-zenama","tag-nbv-bs","tag-rodna-ravnopravnost-bs"],"_links":{"self":[{"href":"https:\/\/www.bhkrf.se\/bs\/wp-json\/wp\/v2\/posts\/8219","targetHints":{"allow":["GET"]}}],"collection":[{"href":"https:\/\/www.bhkrf.se\/bs\/wp-json\/wp\/v2\/posts"}],"about":[{"href":"https:\/\/www.bhkrf.se\/bs\/wp-json\/wp\/v2\/types\/post"}],"author":[{"embeddable":true,"href":"https:\/\/www.bhkrf.se\/bs\/wp-json\/wp\/v2\/users\/11"}],"replies":[{"embeddable":true,"href":"https:\/\/www.bhkrf.se\/bs\/wp-json\/wp\/v2\/comments?post=8219"}],"version-history":[{"count":3,"href":"https:\/\/www.bhkrf.se\/bs\/wp-json\/wp\/v2\/posts\/8219\/revisions"}],"predecessor-version":[{"id":12479,"href":"https:\/\/www.bhkrf.se\/bs\/wp-json\/wp\/v2\/posts\/8219\/revisions\/12479"}],"wp:featuredmedia":[{"embeddable":true,"href":"https:\/\/www.bhkrf.se\/bs\/wp-json\/wp\/v2\/media\/8214"}],"wp:attachment":[{"href":"https:\/\/www.bhkrf.se\/bs\/wp-json\/wp\/v2\/media?parent=8219"}],"wp:term":[{"taxonomy":"category","embeddable":true,"href":"https:\/\/www.bhkrf.se\/bs\/wp-json\/wp\/v2\/categories?post=8219"},{"taxonomy":"post_tag","embeddable":true,"href":"https:\/\/www.bhkrf.se\/bs\/wp-json\/wp\/v2\/tags?post=8219"}],"curies":[{"name":"wp","href":"https:\/\/api.w.org\/{rel}","templated":true}]}}