{"id":9780,"date":"2012-10-04T21:14:29","date_gmt":"2012-10-04T19:14:29","guid":{"rendered":"http:\/\/www.bhkrf.se\/?p=9780"},"modified":"2014-02-04T12:10:03","modified_gmt":"2014-02-04T10:10:03","slug":"rodna-ravnopravnost-i-za-zene-i-muskarce","status":"publish","type":"post","link":"https:\/\/www.bhkrf.se\/bs\/2012\/10\/04\/rodna-ravnopravnost-i-za-zene-i-muskarce\/","title":{"rendered":"Rodna ravnopravnost i za \u017eene i mu\u0161karce"},"content":{"rendered":"<p>\u0160vedska vlada je odlu\u010dila da poseban istra\u017eitelj mapira i analizira pitanja koja se ti\u010du mu\u0161karaca i rodne ravnopravnosti.<\/p>\n<div id=\"attachment_9776\" style=\"width: 524px\" class=\"wp-caption alignnone\"><img loading=\"lazy\" decoding=\"async\" aria-describedby=\"caption-attachment-9776\" src=\"http:\/\/www.bhkrf.se\/wp-content\/uploads\/2012\/10\/jamstalldhet-man-kvinnor.jpg\" alt=\"Rodna ravnopravnost i za \u017eene i mu\u0161karce\" title=\"Rodna ravnopravnost i za \u017eene i mu\u0161karce\" width=\"514\" height=\"320\" class=\"size-full wp-image-9776\" \/><p id=\"caption-attachment-9776\" class=\"wp-caption-text\">Rodna ravnopravnost i za \u017eene i mu\u0161karce<\/p><\/div>\n<p><a href=\"http:\/\/www.regeringen.se\/sb\/d\/15615\/a\/200410\" title=\"Obavje\u0161tenje za javnost\" target=\"_blank\">Obavje\u0161tenje za javnost<\/a> | 28. septembra 2012. | Ministarstvo obrazovanja<\/p>\n<p>\u2013 Politika rodne ravnopravnosti je odavno usmjerena na \u017eene. To je bio ispravno. Slijede\u0107i korak je uklju\u010denje mladi\u0107a i mu\u0161karaca. Svrha je sru\u0161iti sve barijere i norme koje ograni\u010davaju slobode i mogu\u0107nosti pojedinca u \u017eivotu, ka\u017ee Nyamko Sabuni, ministrica za rodnu ravnopravnost. <!--more--><\/p>\n<p>Novinar P. M. Nilsson je postavljen za posebnog istra\u017eitelja. P. M. Nilsson je izme\u0111u ostalog bio \u0161ef redakcije Expressena, gdje je izdigao rodnu ravnopravnost kao jedno od glavnih profilnih pitanja, osniva\u010d je Newsmill-a.<\/p>\n<p>Uspjeh u nastojanjima na rodnoj ravnopravnosti posljednjih nekoliko desetlje\u0107a zna\u010dajno su promijenio \u017eivote \u017eena. Ne znamo dovoljno o tome koliko je pove\u0107ana rodna ravnopravnost u obrazovanju i roditeljstvu uticala na \u017eivote mu\u0161karaca ili kako neravnopravnost uti\u010de na mladi\u0107e. Na primjer, kada je rije\u010d da u \u0161koli mladi\u0107i imaju lo\u0161ije ocjene od djevojaka, da mu\u0161karci rje\u0111e pobolijevanju, ali umiru ranije od \u017eena, te da manje kori\u0161tenje roditeljskog dopusta mu\u0161karaca uti\u010de na mogu\u0107nost odr\u017eavanja kontakta s djecom nakon razvoda.<\/p>\n<p>Istra\u017eitelj \u0107e<\/p>\n<div class=\"divlista\">\n<ul class=\"lista\">\n<li>opisivati i analizirati \u017eivotnu situaciju mu\u0161karaca u odnosu na \u017eene u dana\u0161njoj \u0160vedskoj i kako se promijenila u posljednjih nekoliko godina,<\/li>\n<li>opisivati i analizirati kako se mu\u0161karci odnose prema rodnoj ravnopravnosti i kako \u017eivotni uslovi mu\u0161karaca mogu uticati na neravnopravnost,<\/li>\n<li>izvje\u0161tavati o aktivnostima koje se odnose na mu\u0161karce i rodnu ravnopravnost, a provode od organizacija, ustanova i drugih koji se bave pitanjima mladi\u0107a i mu\u0161karaca, na primjer, grupe mladi\u0107a i grupe o\u010deva,<\/li>\n<li>davati pregled relevantnih istra\u017eivanja o \u017eivotnoj situaciji mu\u0161karaca u vezi rodne ravnopravnosti i uzimanja odgovornosti u pogledu roditeljstva, nepla\u0107enih ku\u0107nih poslova i brige o porodici, i<\/li>\n<li>prikladno \u0161iriti sabrana znanja i podsticati dijalog o pitanjima koja se ti\u010du ovog zadatka.<\/li>\n<\/ul>\n<\/div>\n<p>Kontakt<br \/>\nYoav Bartal<br \/>\nSekretar za odnose s javno\u0161\u0107u kod Nyamko Sabuni<br \/>\n<a href=\"tel:+4684051290\" title=\"Telefon\">08-405 12 90<\/a><br \/>\n<a href=\"tel:+46703575194\" title=\"Mobil\">070-357 51 94<\/a><\/p>\n","protected":false},"excerpt":{"rendered":"<p>\u0160vedska vlada je odlu\u010dila da poseban istra\u017eitelj mapira i analizira pitanja koja se ti\u010du mu\u0161karaca i rodne ravnopravnosti. Obavje\u0161tenje za javnost | 28. septembra 2012. | Ministarstvo obrazovanja \u2013 Politika rodne ravnopravnosti je odavno usmjerena na \u017eene. To je bio ispravno. Slijede\u0107i korak je uklju\u010denje mladi\u0107a i mu\u0161karaca. Svrha je sru\u0161iti sve barijere i norme [&hellip;]<\/p>\n","protected":false},"author":11,"featured_media":9776,"comment_status":"open","ping_status":"open","sticky":false,"template":"","format":"standard","meta":{"ngg_post_thumbnail":0,"_monsterinsights_skip_tracking":false,"footnotes":""},"categories":[28,3,30],"tags":[208,260],"class_list":["post-9780","post","type-post","status-publish","format-standard","has-post-thumbnail","hentry","category-demokratija","category-opste","category-rodna-ravnopravnost","tag-educirati-muskarce-o-rodnoj-ravnopravnosti","tag-rodna-ravnopravnost-bs"],"_links":{"self":[{"href":"https:\/\/www.bhkrf.se\/bs\/wp-json\/wp\/v2\/posts\/9780","targetHints":{"allow":["GET"]}}],"collection":[{"href":"https:\/\/www.bhkrf.se\/bs\/wp-json\/wp\/v2\/posts"}],"about":[{"href":"https:\/\/www.bhkrf.se\/bs\/wp-json\/wp\/v2\/types\/post"}],"author":[{"embeddable":true,"href":"https:\/\/www.bhkrf.se\/bs\/wp-json\/wp\/v2\/users\/11"}],"replies":[{"embeddable":true,"href":"https:\/\/www.bhkrf.se\/bs\/wp-json\/wp\/v2\/comments?post=9780"}],"version-history":[{"count":2,"href":"https:\/\/www.bhkrf.se\/bs\/wp-json\/wp\/v2\/posts\/9780\/revisions"}],"predecessor-version":[{"id":9864,"href":"https:\/\/www.bhkrf.se\/bs\/wp-json\/wp\/v2\/posts\/9780\/revisions\/9864"}],"wp:featuredmedia":[{"embeddable":true,"href":"https:\/\/www.bhkrf.se\/bs\/wp-json\/wp\/v2\/media\/9776"}],"wp:attachment":[{"href":"https:\/\/www.bhkrf.se\/bs\/wp-json\/wp\/v2\/media?parent=9780"}],"wp:term":[{"taxonomy":"category","embeddable":true,"href":"https:\/\/www.bhkrf.se\/bs\/wp-json\/wp\/v2\/categories?post=9780"},{"taxonomy":"post_tag","embeddable":true,"href":"https:\/\/www.bhkrf.se\/bs\/wp-json\/wp\/v2\/tags?post=9780"}],"curies":[{"name":"wp","href":"https:\/\/api.w.org\/{rel}","templated":true}]}}