{"id":9803,"date":"2012-10-08T15:29:52","date_gmt":"2012-10-08T13:29:52","guid":{"rendered":"http:\/\/www.bhkrf.se\/?p=9803"},"modified":"2017-06-07T12:32:35","modified_gmt":"2017-06-07T11:32:35","slug":"konferencija-prevencija-muskog-nasilja-nad-zenama","status":"publish","type":"post","link":"https:\/\/www.bhkrf.se\/bs\/2012\/10\/08\/konferencija-prevencija-muskog-nasilja-nad-zenama\/","title":{"rendered":"Konferencija \u201dPrevencija mu\u0161kog nasilja nad \u017eenama\u201d"},"content":{"rendered":"<p>Konferenciju organizuje udru\u017eenje \u017eena \u201dRespekt\u201d Karlskrona, <a href=\"http:\/\/www.lansstyrelsen.se\/blekinge\/Sv\" title=\"L\u00e4nsstyrelsen Blekinge l\u00e4n\" target=\"_blank\">L\u00e4nsstyrelsen Blekinge l\u00e4n<\/a> i <a href=\"http:\/\/www.nbv.se\/sydost\" title=\"NBV Sydost\" target=\"_blank\">NBV Sydost<\/a> u vezi <a href=\"http:\/\/www.nbv.se\/Avd\/Sydost\/Var-verksamhet\/Vecka-43---Jamstalldhetsvecka\/\" title=\"J\u00e4mst\u00e4lldhetsveckan f\u00f6r NBV Sydost\" target=\"_blank\">sedmice rodne ravnopravnosti za NBV Sydost<\/a>.<\/p>\n<div id=\"attachment_9799\" style=\"width: 524px\" class=\"wp-caption alignnone\"><a href=\"http:\/\/www.bhkrf.se\/wp-content\/uploads\/2012\/10\/karlskrona_prevencija-muskog-nasilja-nad-zenama.png\" class=\"floatbox\" rev=\"group:9803 caption:`Konferencija \u201dPrevencija mu\u0161kog nasilja nad \u017eenama\u201d`\"><img loading=\"lazy\" decoding=\"async\" aria-describedby=\"caption-attachment-9799\" src=\"http:\/\/www.bhkrf.se\/wp-content\/uploads\/2012\/10\/karlskrona_prevencija-muskog-nasilja-nad-zenama-514.png\" alt=\"Konferencija \u201dPrevencija mu\u0161kog nasilja nad \u017eenama\u201d\" title=\"Konferencija \u201dPrevencija mu\u0161kog nasilja nad \u017eenama\u201d\" width=\"514\" height=\"363\" class=\"size-full wp-image-9799\" \/><\/a><p id=\"caption-attachment-9799\" class=\"wp-caption-text\">Konferencija \u201dPrevencija mu\u0161kog nasilja nad \u017eenama\u201d (Design: Haris T.)<\/p><\/div>\n<p>Vrijeme: srijeda 24. oktobra 2012., 17.00-21.00 <!--more--><\/p>\n<p>Mjesto: Hotell Scandic, Skeppsgossegatan 2, Karlskrona<\/p>\n<p>Program<\/p>\n<div class=\"divlista\">\n<ul class=\"lista\">\n<li>17.00 Emina \u0106ejvan, Bh. udru\u017eenje \u017eena Respekt | Pozdravna rije\u010d<\/li>\n<li>17.00\u201318.00 Malin Olsson, Nacionalna organizacija de\u017eurstava za \u017eene i djevojke, Roks | Predstavljanje <a href=\"https:\/\/www.bhkrf.se\/bs\/2011\/04\/10\/macho-fabrika\/\" title=\"Machofabriken\">Machofabriken<\/a> (Macho-fabrika, metodski materijal za mlade)! <a href=\"https:\/\/www.bhkrf.se\/bs\/2011\/04\/10\/macho-fabrika\/\" title=\"Machofabriken\">Machofabriken<\/a> nudi uzbudljivo putovanje uz kritiku dru\u0161tvenih normi. Predstavljanje kratkih filmova i obrazovnih materijala o rodnoj ravnopravnosti, normama mu\u0161kosti i prevenciji nasilja.<\/li>\n<li>18.00\u201318.45 Sanela Bajramovi\u0107 Jusufbegovi\u0107, \u00d6rebro universitet | Kada sramota biva ja\u010da od istine. Predavanje o seksualnom nasilju kao ratnoj strategiji.<\/li>\n<li>18.45\u201319.00 Kafa<\/li>\n<li>19.00\u201319.20 Mia J\u00f6nsson, De\u017eurstvo za \u017eene Frideborg | Za\u0161to mu\u0161karci tuku? I za\u0161to se ostaje? Dublje razumijevanje polo\u017eaja \u017eena izlo\u017eenih nasilju.<\/li>\n<li>19.20\u201319.40 Susanne Petersson, De\u017eurstvo za djevojke Tindra | Kako otkriti i sprije\u010diti nasilje u bliskoj vezi.<\/li>\n<li>19.40\u201319.50 Kratka pauza<\/li>\n<li>19.50\u201320.10 Socijalna uprava, Karlskrona | Informacije o najboljoj podr\u0161ci \u017ertvama nasilja. Saradnja s policijom, zdravstvom, de\u017eurstvima za \u017eene i dr.<\/li>\n<li>20.10\u201320.30 Kako izna\u0107i strategije za borbu protiv mu\u0161kog nasilja nad \u017eenama? Diskusija o radu na prevenciji nasilja.<\/li>\n<li>20.30 Sa\u017eetak i refleksije | Na \u0161ta misliti u budu\u0107nosti? Akcioni plan prema kojem \u0107e u\u010desnici raditi u svojim organizacijama.<\/li>\n<\/ul>\n<\/div>\n<p>Moderator<\/p>\n<div class=\"divlista\">\n<ul class=\"lista\">\n<li>Tajma \u0160i\u0161i\u0107, Tjejgruppen Kvinnans v\u00e4rde, Respekt Karlskrona<\/li>\n<\/ul>\n<\/div>\n<p>Kontakt<\/p>\n<div class=\"divlista\">\n<ul class=\"lista\">\n<li>Emina \u0106ejvan, <a href=\"mailto:emina.cejvan@karlskrona.se\" title=\"E-post\" target=\"_blank\">E-post<\/a>, <a href=\"tel:+46764116467\" title=\"Mobil\">076-411 64 67<\/a><\/li>\n<li>Mirsada Kahriman, <a href=\"mailto:sani@bredband2.com\" title=\"E-post\" target=\"_blank\">E-post<\/a>, <a href=\"tel:+46765547195\" title=\"Mobil\">076-554 71 95<\/a><\/li>\n<\/ul>\n<\/div>\n<p>Slobodan ulaz<\/p>\n<div class=\"naslov\">Slike s konferencije<\/div>\n<div class=\"ngg-albumtop\">\n<div class=\"ngg-albumtitle\"><a href=\"https:\/\/www.bhkrf.se\/fotogalleri\/karlskrona-2012-10-24\/\" >Karlskrona, 2012-10-24<\/a><\/div>\n<div class=\"ngg-albumcontent\">\n<div class=\"ngg-thumbnail\">\n<a href=\"https:\/\/www.bhkrf.se\/fotogalleri\/karlskrona-2012-10-24\/\" ><img decoding=\"async\" class=\"Thumb\" alt=\"Karlskrona, 2012-10-24\" src=\"http:\/\/www.bhkrf.se\/wp-content\/blogs.dir\/1\/files\/121024_karlskrona\/thumbs\/thumbs_karlskrona-20121024-001.png\"\/><\/a>\n<\/div>\n<div class=\"ngg-description\">\n<p><a href=\"https:\/\/www.bhkrf.se\/2012\/10\/08\/konferensen-att-forebygga-mans-vald-mot-kvinnor\/\"  title=\"Konferensen \u201dAtt f\u00f6rebygga m\u00e4ns v\u00e5ld mot kvinnor\u201d\">Konferensen \u201dAtt f\u00f6rebygga m\u00e4ns v\u00e5ld mot kvinnor\u201d<\/a> \/\/ <a href=\"https:\/\/www.bhkrf.se\/bs\/2012\/10\/08\/konferencija-prevencija-muskog-nasilja-nad-zenama\/\"  title=\"Konferencija \u201dPrevencija mu\u0161kog nasilja nad \u017eenama\u201d\">Konferencija \u201dPrevencija mu\u0161kog nasilja nad \u017eenama\u201d<\/a> \/\/ Foto: Jasna Peri\u0107<\/p>\n<p><strong>27<\/strong> slika\/e<\/p>\n<\/div>\n<\/div>\n<\/div>\n<div class=\"alt-lang\">Stranica obnovljena: 2012-11-07<\/div>\n","protected":false},"excerpt":{"rendered":"<p>Konferenciju organizuje udru\u017eenje \u017eena \u201dRespekt\u201d Karlskrona, L\u00e4nsstyrelsen Blekinge l\u00e4n i NBV Sydost u vezi sedmice rodne ravnopravnosti za NBV Sydost. Vrijeme: srijeda 24. oktobra 2012., 17.00-21.00<\/p>\n","protected":false},"author":11,"featured_media":9799,"comment_status":"closed","ping_status":"closed","sticky":false,"template":"","format":"standard","meta":{"ngg_post_thumbnail":0,"_monsterinsights_skip_tracking":false,"footnotes":""},"categories":[28,105,3,30,194],"tags":[47,170,123,260,248],"class_list":["post-9803","post","type-post","status-publish","format-standard","has-post-thumbnail","hentry","category-demokratija","category-konferencije-sjednice","category-opste","category-rodna-ravnopravnost","category-trezvenjacki-pokret","tag-konferencije","tag-nasilje-nad-zenama","tag-nbv-bs","tag-rodna-ravnopravnost-bs","tag-roks-bs"],"_links":{"self":[{"href":"https:\/\/www.bhkrf.se\/bs\/wp-json\/wp\/v2\/posts\/9803","targetHints":{"allow":["GET"]}}],"collection":[{"href":"https:\/\/www.bhkrf.se\/bs\/wp-json\/wp\/v2\/posts"}],"about":[{"href":"https:\/\/www.bhkrf.se\/bs\/wp-json\/wp\/v2\/types\/post"}],"author":[{"embeddable":true,"href":"https:\/\/www.bhkrf.se\/bs\/wp-json\/wp\/v2\/users\/11"}],"replies":[{"embeddable":true,"href":"https:\/\/www.bhkrf.se\/bs\/wp-json\/wp\/v2\/comments?post=9803"}],"version-history":[{"count":4,"href":"https:\/\/www.bhkrf.se\/bs\/wp-json\/wp\/v2\/posts\/9803\/revisions"}],"predecessor-version":[{"id":41895,"href":"https:\/\/www.bhkrf.se\/bs\/wp-json\/wp\/v2\/posts\/9803\/revisions\/41895"}],"wp:featuredmedia":[{"embeddable":true,"href":"https:\/\/www.bhkrf.se\/bs\/wp-json\/wp\/v2\/media\/9799"}],"wp:attachment":[{"href":"https:\/\/www.bhkrf.se\/bs\/wp-json\/wp\/v2\/media?parent=9803"}],"wp:term":[{"taxonomy":"category","embeddable":true,"href":"https:\/\/www.bhkrf.se\/bs\/wp-json\/wp\/v2\/categories?post=9803"},{"taxonomy":"post_tag","embeddable":true,"href":"https:\/\/www.bhkrf.se\/bs\/wp-json\/wp\/v2\/tags?post=9803"}],"curies":[{"name":"wp","href":"https:\/\/api.w.org\/{rel}","templated":true}]}}