{"id":9896,"date":"2012-10-13T13:30:44","date_gmt":"2012-10-13T11:30:44","guid":{"rendered":"http:\/\/www.bhkrf.se\/?p=9896"},"modified":"2017-06-07T12:31:00","modified_gmt":"2017-06-07T11:31:00","slug":"uci-i-putuj-u-goteborg","status":"publish","type":"post","link":"https:\/\/www.bhkrf.se\/bs\/2012\/10\/13\/uci-i-putuj-u-goteborg\/","title":{"rendered":"U\u010di i putuj u G\u00f6teborg"},"content":{"rendered":"<p><a href=\"http:\/\/www.nbv.se\/sydost\" title=\"NBV Sydost\" target=\"_blank\">NBV Sydost<\/a> i bh. udru\u017eenje \u201dBosna\u201d Kalmar organizuju studijsko putovanje u G\u00f6teborg za u\u010desnike studijskog kru\u017eoka \u201dU\u010di i putuj\u201d.<\/p>\n<div id=\"attachment_9885\" style=\"width: 524px\" class=\"wp-caption alignnone\"><a href=\"http:\/\/www.bhkrf.se\/wp-content\/uploads\/2012\/10\/nbv-sydost-kalmar-goteborg-bs.jpg\" class=\"floatbox\" rev=\"group:9896 caption:`U\u010di i putuj u G\u00f6teborg`\"><img loading=\"lazy\" decoding=\"async\" aria-describedby=\"caption-attachment-9885\" src=\"http:\/\/www.bhkrf.se\/wp-content\/uploads\/2012\/10\/nbv-sydost-kalmar-goteborg-bs-514.jpg\" alt=\"U\u010di i putuj u G\u00f6teborg\" title=\"U\u010di i putuj u G\u00f6teborg\" width=\"514\" height=\"363\" class=\"size-full wp-image-9885\" \/><\/a><p id=\"caption-attachment-9885\" class=\"wp-caption-text\">U\u010di i putuj u G\u00f6teborg<\/p><\/div>\n<p>Kada: 2. do 4. novembra 2012. <!--more--><\/p>\n<p>Info<\/p>\n<div class=\"divlista\">\n<ul class=\"lista\">\n<li>Jasna Peri\u0107 | <a href=\"mailto:jasna@bhkrf.se\" title=\"E-post\" target=\"_blank\">E-post<\/a> | <a href=\"tel:+46739408947\" title=\"Mobil\">073-940 89 47<\/a><\/li>\n<li>Jenny Larsson | <a href=\"mailto:jenny.larsson@nbv.se\" title=\"E-post\" target=\"_blank\">E-post<\/a> | <a href=\"tel:+46709153284\" title=\"Mobil\">0709 15 32 84<\/a><\/li>\n<\/ul>\n<\/div>\n<div class=\"naslov\">Slike s putovanja<\/div>\n<div class=\"ngg-albumtop\">\n<div class=\"ngg-albumtitle\"><a href=\"https:\/\/www.bhkrf.se\/fotogalleri\/goteborg-2012-11-0204\/\" >G\u00f6teborg, 2012-11-02\/04<\/a><\/div>\n<div class=\"ngg-albumcontent\">\n<div class=\"ngg-thumbnail\">\n<a href=\"https:\/\/www.bhkrf.se\/fotogalleri\/goteborg-2012-11-0204\/\" ><img decoding=\"async\" class=\"Thumb\" alt=\"G\u00f6teborg, 2012-11-02\/04\" src=\"http:\/\/www.bhkrf.se\/wp-content\/blogs.dir\/1\/files\/121102_goteborg\/thumbs\/thumbs_kalmar-goteborg-20121102-04-001.jpg\"\/><\/a>\n<\/div>\n<div class=\"ngg-description\">\n<p><a href=\"https:\/\/www.bhkrf.se\/2012\/10\/13\/las-och-res-till-goteborg\/\"  title=\"Konferensen \u201dL\u00e4s och res till G\u00f6teborg\">L\u00e4s och res till G\u00f6teborg\u201d<\/a> \/\/ <a href=\"https:\/\/www.bhkrf.se\/bs\/2012\/10\/13\/uci-i-putuj-u-goteborg\/\"  title=\"U\u010di i putuj u G\u00f6teborg\">U\u010di i putuj u G\u00f6teborg<\/a> \/\/ NBV Sydost \/\/ Foto: Jasna Peri\u0107 &#038; Fatima Kova\u010di\u0107<\/p>\n<p><strong>45<\/strong> slika\/e<\/p>\n<\/div>\n<\/div>\n<\/div>\n<div class=\"alt-lang\">Stranica obnovljena: 2012-11-08<\/div>\n","protected":false},"excerpt":{"rendered":"<p>NBV Sydost i bh. udru\u017eenje \u201dBosna\u201d Kalmar organizuju studijsko putovanje u G\u00f6teborg za u\u010desnike studijskog kru\u017eoka \u201dU\u010di i putuj\u201d. Kada: 2. do 4. novembra 2012.<\/p>\n","protected":false},"author":11,"featured_media":9885,"comment_status":"closed","ping_status":"closed","sticky":false,"template":"","format":"standard","meta":{"ngg_post_thumbnail":0,"_monsterinsights_skip_tracking":false,"footnotes":""},"categories":[3,194],"tags":[123],"class_list":["post-9896","post","type-post","status-publish","format-standard","has-post-thumbnail","hentry","category-opste","category-trezvenjacki-pokret","tag-nbv-bs"],"_links":{"self":[{"href":"https:\/\/www.bhkrf.se\/bs\/wp-json\/wp\/v2\/posts\/9896","targetHints":{"allow":["GET"]}}],"collection":[{"href":"https:\/\/www.bhkrf.se\/bs\/wp-json\/wp\/v2\/posts"}],"about":[{"href":"https:\/\/www.bhkrf.se\/bs\/wp-json\/wp\/v2\/types\/post"}],"author":[{"embeddable":true,"href":"https:\/\/www.bhkrf.se\/bs\/wp-json\/wp\/v2\/users\/11"}],"replies":[{"embeddable":true,"href":"https:\/\/www.bhkrf.se\/bs\/wp-json\/wp\/v2\/comments?post=9896"}],"version-history":[{"count":5,"href":"https:\/\/www.bhkrf.se\/bs\/wp-json\/wp\/v2\/posts\/9896\/revisions"}],"predecessor-version":[{"id":41893,"href":"https:\/\/www.bhkrf.se\/bs\/wp-json\/wp\/v2\/posts\/9896\/revisions\/41893"}],"wp:featuredmedia":[{"embeddable":true,"href":"https:\/\/www.bhkrf.se\/bs\/wp-json\/wp\/v2\/media\/9885"}],"wp:attachment":[{"href":"https:\/\/www.bhkrf.se\/bs\/wp-json\/wp\/v2\/media?parent=9896"}],"wp:term":[{"taxonomy":"category","embeddable":true,"href":"https:\/\/www.bhkrf.se\/bs\/wp-json\/wp\/v2\/categories?post=9896"},{"taxonomy":"post_tag","embeddable":true,"href":"https:\/\/www.bhkrf.se\/bs\/wp-json\/wp\/v2\/tags?post=9896"}],"curies":[{"name":"wp","href":"https:\/\/api.w.org\/{rel}","templated":true}]}}